{"id":7932,"date":"2024-09-03T17:25:44","date_gmt":"2024-09-03T15:25:44","guid":{"rendered":"https:\/\/donesesglesia.cat\/wp_cde\/?p=7932"},"modified":"2024-09-03T17:25:44","modified_gmt":"2024-09-03T15:25:44","slug":"som-moltes","status":"publish","type":"post","link":"https:\/\/donesesglesia.cat\/wp_cde\/som-moltes\/","title":{"rendered":"Som moltes!"},"content":{"rendered":"<p>SOM MOLTES!<\/p>\n<p>El juny de 2024, han succe\u00eft dos esdeveniments importants. Recordem que, <i>Alcem la veu<\/i> va celebrar una assemblea el dia 9, al monestir rom\u00e0nic de Sant Pau del Camp. Durant la trobada, la N\u00faria Caum, te\u00f2loga i professora de l&#8217;ISCREB, va parlar de <i>Les imatges de D\u00e9u a la llum de la Teologia feminista<\/i>; una trobada en la qual algunes dones del CdE, tamb\u00e9 vam participar.<span class=\"Apple-converted-space\">\u00a0 \u00a0<\/span><\/p>\n<p>Pocs dies despr\u00e9s, el dia 15, va tenir lloc la primera trobada, entre representants del Col\u00b7lectiu de Dones en l&#8217;Esgl\u00e9sia (CdE) i d&#8217;Alcem la Veu, a Ca la Dona (Barcelona), amb la intenci\u00f3 de con\u00e8ixer-nos, compartir el cam\u00ed fet fins ara i el patrimoni de 38 anys de vida del CdE (1986-2024).<span class=\"Apple-converted-space\">\u00a0<\/span><\/p>\n<p>Actualment, el CdE ha minvat en nombre de s\u00f2cies, per l&#8217;edat, per\u00f2 seguim amb delegacions a Girona, Sant Just, Sabadell i a Barcelona. El dia de la trobada, vam agrair la c\u00e0lida rebuda de la Merc\u00e8 Otero, bona amiga del CdE. Vam ser onze, algunes ja ens coneix\u00edem d&#8217;haver coincidit en diferents convocat\u00f2ries. Va ser bonic oferir, a <i>Alcem la veu<\/i>, l&#8217;acc\u00e9s a la documentaci\u00f3 del CdE dipositada a Ca la Dona, per consultar-la i perqu\u00e8 coneguin la nostra hist\u00f2ria.<span class=\"Apple-converted-space\">\u00a0<\/span><\/p>\n<p>Desitgem que la jove i vital agrupaci\u00f3, d&#8217;<i>Alcem la veu,<\/i> vagi endavant, ja que, per 5\u00e8 any consecutiu ha convocat el 8 de mar\u00e7 a la Pl. de la Catedral, donant continu\u00eftat a anteriors convocat\u00f2ries que f\u00e8iem com a Col\u00b7lectiu, en una data i lloc tan significatius. Se senten hereves del cam\u00ed fet per nosaltres, les dones que ens han precedit i les que lluiten en diferents indrets del m\u00f3n. Nosaltres tamb\u00e9, perqu\u00e8 som dones creients i feministes que reivindiquem <i>el lloc de les dones en l&#8217;Esgl\u00e9sia <\/i>i en el m\u00f3n<i>.<\/i><span class=\"Apple-converted-space\">\u00a0<\/span><\/p>\n<p>Doncs si, ens vam empla\u00e7ar a seguir trobant-nos, perqu\u00e8&#8230; SOM MOLTES! <span class=\"Apple-converted-space\">\u00a0<\/span><\/p>\n<p><strong><span class=\"Apple-converted-space\">\u00a0<\/span>Junta Col.lectiu de Dones en l\u2019Esgl\u00e9sia \u200bper la paritat<\/strong><\/p>\n<p><a href=\"https:\/\/donesesglesia.cat\/wp_cde\/wp-content\/uploads\/2024\/09\/magdala-2024.jpg\"><img loading=\"lazy\" decoding=\"async\" class=\"aligncenter size-full wp-image-7935\" src=\"https:\/\/donesesglesia.cat\/wp_cde\/wp-content\/uploads\/2024\/09\/magdala-2024.jpg\" alt=\"\" width=\"1473\" height=\"1121\" srcset=\"https:\/\/donesesglesia.cat\/wp_cde\/wp-content\/uploads\/2024\/09\/magdala-2024.jpg 1473w, https:\/\/donesesglesia.cat\/wp_cde\/wp-content\/uploads\/2024\/09\/magdala-2024-300x228.jpg 300w, https:\/\/donesesglesia.cat\/wp_cde\/wp-content\/uploads\/2024\/09\/magdala-2024-1024x779.jpg 1024w, https:\/\/donesesglesia.cat\/wp_cde\/wp-content\/uploads\/2024\/09\/magdala-2024-768x584.jpg 768w\" sizes=\"auto, (max-width: 1473px) 100vw, 1473px\" \/><\/a><\/p>\n","protected":false},"excerpt":{"rendered":"<p>SOM MOLTES! El juny de 2024, han succe\u00eft dos esdeveniments importants. Recordem que, Alcem la veu va celebrar una assemblea el dia 9, al monestir rom\u00e0nic de Sant Pau del [&hellip;]<\/p>\n","protected":false},"author":1,"featured_media":7934,"comment_status":"closed","ping_status":"closed","sticky":false,"template":"","format":"standard","meta":{"footnotes":""},"categories":[5],"tags":[],"class_list":["post-7932","post","type-post","status-publish","format-standard","has-post-thumbnail","hentry","category-noticies"],"_links":{"self":[{"href":"https:\/\/donesesglesia.cat\/wp_cde\/wp-json\/wp\/v2\/posts\/7932","targetHints":{"allow":["GET"]}}],"collection":[{"href":"https:\/\/donesesglesia.cat\/wp_cde\/wp-json\/wp\/v2\/posts"}],"about":[{"href":"https:\/\/donesesglesia.cat\/wp_cde\/wp-json\/wp\/v2\/types\/post"}],"author":[{"embeddable":true,"href":"https:\/\/donesesglesia.cat\/wp_cde\/wp-json\/wp\/v2\/users\/1"}],"replies":[{"embeddable":true,"href":"https:\/\/donesesglesia.cat\/wp_cde\/wp-json\/wp\/v2\/comments?post=7932"}],"version-history":[{"count":2,"href":"https:\/\/donesesglesia.cat\/wp_cde\/wp-json\/wp\/v2\/posts\/7932\/revisions"}],"predecessor-version":[{"id":7936,"href":"https:\/\/donesesglesia.cat\/wp_cde\/wp-json\/wp\/v2\/posts\/7932\/revisions\/7936"}],"wp:featuredmedia":[{"embeddable":true,"href":"https:\/\/donesesglesia.cat\/wp_cde\/wp-json\/wp\/v2\/media\/7934"}],"wp:attachment":[{"href":"https:\/\/donesesglesia.cat\/wp_cde\/wp-json\/wp\/v2\/media?parent=7932"}],"wp:term":[{"taxonomy":"category","embeddable":true,"href":"https:\/\/donesesglesia.cat\/wp_cde\/wp-json\/wp\/v2\/categories?post=7932"},{"taxonomy":"post_tag","embeddable":true,"href":"https:\/\/donesesglesia.cat\/wp_cde\/wp-json\/wp\/v2\/tags?post=7932"}],"curies":[{"name":"wp","href":"https:\/\/api.w.org\/{rel}","templated":true}]}}