{"id":7904,"date":"2024-05-13T21:40:35","date_gmt":"2024-05-13T19:40:35","guid":{"rendered":"https:\/\/donesesglesia.cat\/wp_cde\/?p=7904"},"modified":"2024-05-13T21:41:08","modified_gmt":"2024-05-13T19:41:08","slug":"la-pau-al-cor","status":"publish","type":"post","link":"https:\/\/donesesglesia.cat\/wp_cde\/la-pau-al-cor\/","title":{"rendered":"La Pau al Cor: Setmana per la Pau Arcadi Oliveras"},"content":{"rendered":"<h3>Concloent amb la III edici\u00f3 de la &#8220;Setmana per la Pau \u2013 Arcadi Oliveres&#8221;, dijous 23 de maig, celebrem la Pau al Cor.\u00a0<\/h3>\n<p>A les 19h a la Pla\u00e7a Sant Jaume, volem crear un espai de reflexi\u00f3 i gest compartit a favor de la pau i la conc\u00f2rdia a partir de l\u2019actuaci\u00f3 de m\u00fasica, paraula i cant de les diferents tradicions espirituals, religioses i conviccionals presents a la ciutat.<\/p>\n<p>La pau al cor est\u00e0 organitzada per la Xarxa Interreligiosa per la Pau i AUDIR, i compta amb la col\u00b7laboraci\u00f3 de la Direcci\u00f3 General d\u2019Afers Religiosos del Departament de Presid\u00e8ncia, l\u2019Ajuntament de Barcelona i C\u00e0ritas diocesana de Barcelona.<\/p>\n<p>M\u00e9s informaci\u00f3: <a href=\"https:\/\/www.justiciaipau.org\/setmanaperlapauarcadioliveres\/programa-2024\/la-pau-al-cor-24\/\" target=\"_blank\" rel=\"noopener\">https:\/\/www.justiciaipau.org\/setmanaperlapauarcadioliveres\/programa-2024\/la-pau-al-cor-24\/<\/a><\/p>\n<p><a href=\"https:\/\/donesesglesia.cat\/wp_cde\/wp-content\/uploads\/2024\/05\/pau-al-cor.jpg\"><img loading=\"lazy\" decoding=\"async\" class=\"aligncenter wp-image-7906\" src=\"https:\/\/donesesglesia.cat\/wp_cde\/wp-content\/uploads\/2024\/05\/pau-al-cor.jpg\" alt=\"\" width=\"862\" height=\"1219\" srcset=\"https:\/\/donesesglesia.cat\/wp_cde\/wp-content\/uploads\/2024\/05\/pau-al-cor.jpg 1131w, https:\/\/donesesglesia.cat\/wp_cde\/wp-content\/uploads\/2024\/05\/pau-al-cor-212x300.jpg 212w, https:\/\/donesesglesia.cat\/wp_cde\/wp-content\/uploads\/2024\/05\/pau-al-cor-724x1024.jpg 724w, https:\/\/donesesglesia.cat\/wp_cde\/wp-content\/uploads\/2024\/05\/pau-al-cor-768x1086.jpg 768w, https:\/\/donesesglesia.cat\/wp_cde\/wp-content\/uploads\/2024\/05\/pau-al-cor-1086x1536.jpg 1086w\" sizes=\"auto, (max-width: 862px) 100vw, 862px\" \/><\/a><\/p>\n","protected":false},"excerpt":{"rendered":"<p>Concloent amb la III edici\u00f3 de la &#8220;Setmana per la Pau \u2013 Arcadi Oliveres&#8221;, dijous 23 de maig, celebrem la Pau al Cor.\u00a0 A les 19h a la Pla\u00e7a Sant [&hellip;]<\/p>\n","protected":false},"author":1,"featured_media":7905,"comment_status":"closed","ping_status":"closed","sticky":false,"template":"","format":"standard","meta":{"footnotes":""},"categories":[5],"tags":[],"class_list":["post-7904","post","type-post","status-publish","format-standard","has-post-thumbnail","hentry","category-noticies"],"_links":{"self":[{"href":"https:\/\/donesesglesia.cat\/wp_cde\/wp-json\/wp\/v2\/posts\/7904","targetHints":{"allow":["GET"]}}],"collection":[{"href":"https:\/\/donesesglesia.cat\/wp_cde\/wp-json\/wp\/v2\/posts"}],"about":[{"href":"https:\/\/donesesglesia.cat\/wp_cde\/wp-json\/wp\/v2\/types\/post"}],"author":[{"embeddable":true,"href":"https:\/\/donesesglesia.cat\/wp_cde\/wp-json\/wp\/v2\/users\/1"}],"replies":[{"embeddable":true,"href":"https:\/\/donesesglesia.cat\/wp_cde\/wp-json\/wp\/v2\/comments?post=7904"}],"version-history":[{"count":2,"href":"https:\/\/donesesglesia.cat\/wp_cde\/wp-json\/wp\/v2\/posts\/7904\/revisions"}],"predecessor-version":[{"id":7908,"href":"https:\/\/donesesglesia.cat\/wp_cde\/wp-json\/wp\/v2\/posts\/7904\/revisions\/7908"}],"wp:featuredmedia":[{"embeddable":true,"href":"https:\/\/donesesglesia.cat\/wp_cde\/wp-json\/wp\/v2\/media\/7905"}],"wp:attachment":[{"href":"https:\/\/donesesglesia.cat\/wp_cde\/wp-json\/wp\/v2\/media?parent=7904"}],"wp:term":[{"taxonomy":"category","embeddable":true,"href":"https:\/\/donesesglesia.cat\/wp_cde\/wp-json\/wp\/v2\/categories?post=7904"},{"taxonomy":"post_tag","embeddable":true,"href":"https:\/\/donesesglesia.cat\/wp_cde\/wp-json\/wp\/v2\/tags?post=7904"}],"curies":[{"name":"wp","href":"https:\/\/api.w.org\/{rel}","templated":true}]}}