{"id":7884,"date":"2024-04-22T18:28:13","date_gmt":"2024-04-22T16:28:13","guid":{"rendered":"https:\/\/donesesglesia.cat\/wp_cde\/?p=7884"},"modified":"2024-04-22T18:28:13","modified_gmt":"2024-04-22T16:28:13","slug":"collectiu-de-dones-en-lesglesia-esforc-illusio-esperanca","status":"publish","type":"post","link":"https:\/\/donesesglesia.cat\/wp_cde\/collectiu-de-dones-en-lesglesia-esforc-illusio-esperanca\/","title":{"rendered":"Col\u00b7lectiu de Dones en l&#8217;Esgl\u00e9sia: esfor\u00e7, il\u00b7lusi\u00f3, esperan\u00e7a"},"content":{"rendered":"<p>Nom\u00e9s fa una mica m\u00e9s de trenta anys, (any 1986), d\u2019un comen\u00e7ament d\u2019esfor\u00e7, d\u2019il\u00b7lusi\u00f3, d\u2019esperan\u00e7a. Em refereixo a l\u2019inici del Col\u00b7lectiu de Dones en l\u2019Esgl\u00e9sia. Un moment ut\u00f2pic, per a molts, per\u00f2 ple de sentit i de just\u00edcia per a nosaltres, dones creients, ubicades en una instituci\u00f3 masclista i patriarcal, l\u2019Esgl\u00e9sia cat\u00f2lica, dins la qual la nostra marginaci\u00f3 provenia d\u2019un fet purament accidental: ser del sexe femen\u00ed. Aix\u00f2, segons els jerarques eclesi\u00e0stics, impedia el nostre acc\u00e9s a llocs de responsabilitat i decisi\u00f3, a\u201d c\u00e0rrecs\u201d i \u201cestaments\u201d, on nom\u00e9s hi t\u00e9 dret el sexe mascul\u00ed i on nom\u00e9s ell pot legislar amb autoritat, interpretar els textos b\u00edblics, sobretot l\u2019Evangeli, tenir veu en la comunitat i sentir-se \u201cpastor\u201d d\u2019un ramat d\u00f2cil i sum\u00eds constitu\u00eft, sobretot per dones.<\/p>\n<p>Trenta anys enrere, el nostre moviment va ser un revulsiu i el nostre tarann\u00e0, molt agosarat per l\u2019\u00e8poca en accions reivindicatives, es va convertir en un punt de refer\u00e8ncia, dins i fora de l\u2019Esgl\u00e9sia, per a molta gent. No s\u2019estava acostumat a sentir veus discordants i disconformes en una instituci\u00f3, on molt aviat, s\u2019havia negat al femen\u00ed la paraula i el discurs. Crec, honestament, que el Col\u00b7lectiu ha fet i ha de continuar fent un tasca de sensibilitzaci\u00f3 i de retorn a l\u2019Evangeli de Jes\u00fas on la paritat, la germanor, el servei i la Comunitat d\u2019iguals en s\u00f3n els seus eixos fonamentals. No pot ser que la instituci\u00f3 eclesial continu\u00ef imm\u00f2bil i paralitzada en una q\u00fcesti\u00f3 que afecta la majoria dels seus membres. Les dones, som \u00e9ssers humans i aix\u00f2 ens dona els drets i deures propis de l\u2019esp\u00e8cie humana sense connotacions negatives humiliants, imposats pels altres \u00e9ssers humans, que s\u2019han considerat superiors i s\u2019han atorgat el dret de dictaminar sobre la nostra inferioritat per tal d\u2019exercir domini i poder damunt nostre pels segles dels segles. I sempre, aix\u00f2 si, en \u201cnom de D\u00e9u\u201d.<\/p>\n<p>Cal desmitificar aquest discurs sexista. Cada vegada resulta m\u00e9s insuportable. I al costat d\u2019altres aspectes negatius, com pot ser una lit\u00fargia repetitiva i anacr\u00f2nica, uns signes gens entenedors per a la gent d\u2019avui i tot el muntatge eclesial que l\u2019acompanya, fa que, actualment, el desinter\u00e8s, la descreen\u00e7a i el ref\u00fas envers una instituci\u00f3 que sembla, aparentment, ha renunciat a la novetat del Missatge de Jes\u00fas, anquilosada en costums ancestrals copiades d\u2019antigues religions i cultures i no pas de la frescor sempre actual de l\u2019Evangeli, vagi en augment, i ja no serveixi per a la vida.<\/p>\n<p>Mentre la injust\u00edcia i la discriminaci\u00f3, envers el femen\u00ed, continuen instal\u00b7lades en l\u2019\u00e0mbit eclesial, la seva estructura patriarcal, jer\u00e0rquica i sexista es manifesta, davant tothom, imm\u00f2bil i refor\u00e7ada. Una estructura a les ant\u00edpodes dels postulats evang\u00e8lics, que ens proposa Jes\u00fas, quan parla d\u2019un Regne de D\u00e9u basat en l\u2019Amor i la Just\u00edcia i on el servei i la igualtat, entre les persones, en s\u00f3n els eixos fonamentals. Ell denunci\u00e0, en el seu temps, amb coratge i sense por, institucions pol\u00edtiques i religioses que marginaven la gent m\u00e9s feble, menys valorada, m\u00e9s pobra, m\u00e9s indefensa, entre ella les dones, amb preceptes i lleis injustes, fetes per homes i al seu servei. Per aix\u00f2, aquests poders el van assassinar.<\/p>\n<p>Nosaltres, seguint el seu exemple, hem de continuar denunciant, amb totes les eines que tinguem al nostre abast, el fet pejoratiu que perdura, encara avui, en l\u2019Esgl\u00e9sia i en la societat envers les dones i que no sembla pas que es tingui cap pressa en remeiar-lo. All\u00ed on vivim i ens movem hem de posicionar-nos fidels aquest Jes\u00fas que, amb el seu exemple, ens empeny a treballar en la defensa de la nostra dignitat de persones, que Ell ens va retornar, i que ja no estem disposades a perdre i ning\u00fa t\u00e9 el dret d\u2019arrabassar-nos-la. Moltes dones, en la hist\u00f2ria del cristianisme, amb lucidesa i coratge, han lluitat pels seus drets fins i tot arriscant la seva pr\u00f2pia vida. Per elles, per nosaltres i per les que vindran darrera nostre cal continuar la tasca.<\/p>\n<p>Encara que ens porti problemes, la nostra espiritualitat ha d\u2019estar encarnada en la just\u00edcia que demana ara, potser m\u00e9s que mai, la dignificaci\u00f3 del femen\u00ed dins i fora de les institucions religioses. Perqu\u00e8 han estat les religions uns dels estaments que m\u00e9s han influ\u00eft i, ho continuen fent, en la marginaci\u00f3 de les dones i el millor suport que ha tingut el masclisme, al llarg dels segles, per avalar la seva \u201csuperioritat\u201d i el seu domini respecte al femen\u00ed.<\/p>\n<p>S\u00f3c<span class=\"Apple-converted-space\">\u00a0 <\/span>conscient que aquest discurs no suposa cap novetat per a molts de nosaltres, per\u00f2 la realitat tossudament instal\u00b7lada en la desigualtat de g\u00e8nere, encara avui, en molts \u00e0mbits i sobretot en les religions, el continua fent necessari i per desgr\u00e0cia ben actual.<\/p>\n<p><strong>Magda Tom\u00e0s i Ribes<\/strong><\/p>\n","protected":false},"excerpt":{"rendered":"<p>Nom\u00e9s fa una mica m\u00e9s de trenta anys, (any 1986), d\u2019un comen\u00e7ament d\u2019esfor\u00e7, d\u2019il\u00b7lusi\u00f3, d\u2019esperan\u00e7a. Em refereixo a l\u2019inici del Col\u00b7lectiu de Dones en l\u2019Esgl\u00e9sia. Un moment ut\u00f2pic, per a [&hellip;]<\/p>\n","protected":false},"author":1,"featured_media":7885,"comment_status":"closed","ping_status":"closed","sticky":false,"template":"","format":"standard","meta":{"footnotes":""},"categories":[5],"tags":[],"class_list":["post-7884","post","type-post","status-publish","format-standard","has-post-thumbnail","hentry","category-noticies"],"_links":{"self":[{"href":"https:\/\/donesesglesia.cat\/wp_cde\/wp-json\/wp\/v2\/posts\/7884","targetHints":{"allow":["GET"]}}],"collection":[{"href":"https:\/\/donesesglesia.cat\/wp_cde\/wp-json\/wp\/v2\/posts"}],"about":[{"href":"https:\/\/donesesglesia.cat\/wp_cde\/wp-json\/wp\/v2\/types\/post"}],"author":[{"embeddable":true,"href":"https:\/\/donesesglesia.cat\/wp_cde\/wp-json\/wp\/v2\/users\/1"}],"replies":[{"embeddable":true,"href":"https:\/\/donesesglesia.cat\/wp_cde\/wp-json\/wp\/v2\/comments?post=7884"}],"version-history":[{"count":2,"href":"https:\/\/donesesglesia.cat\/wp_cde\/wp-json\/wp\/v2\/posts\/7884\/revisions"}],"predecessor-version":[{"id":7887,"href":"https:\/\/donesesglesia.cat\/wp_cde\/wp-json\/wp\/v2\/posts\/7884\/revisions\/7887"}],"wp:featuredmedia":[{"embeddable":true,"href":"https:\/\/donesesglesia.cat\/wp_cde\/wp-json\/wp\/v2\/media\/7885"}],"wp:attachment":[{"href":"https:\/\/donesesglesia.cat\/wp_cde\/wp-json\/wp\/v2\/media?parent=7884"}],"wp:term":[{"taxonomy":"category","embeddable":true,"href":"https:\/\/donesesglesia.cat\/wp_cde\/wp-json\/wp\/v2\/categories?post=7884"},{"taxonomy":"post_tag","embeddable":true,"href":"https:\/\/donesesglesia.cat\/wp_cde\/wp-json\/wp\/v2\/tags?post=7884"}],"curies":[{"name":"wp","href":"https:\/\/api.w.org\/{rel}","templated":true}]}}