{"id":7867,"date":"2024-02-05T21:33:12","date_gmt":"2024-02-05T20:33:12","guid":{"rendered":"https:\/\/donesesglesia.cat\/wp_cde\/?p=7867"},"modified":"2024-02-05T21:33:12","modified_gmt":"2024-02-05T20:33:12","slug":"grup-nostra-dona-de-sant-just-que-estem-fent","status":"publish","type":"post","link":"https:\/\/donesesglesia.cat\/wp_cde\/grup-nostra-dona-de-sant-just-que-estem-fent\/","title":{"rendered":"Grup Nostra Dona de Sant Just: qu\u00e8 estem fent"},"content":{"rendered":"<h3>PER LES COMPANYES DEL CO\u00b7LECTIU DE DONES EN L&#8217;ESGL\u00c9SIA<span class=\"Apple-converted-space\">\u00a0<\/span><\/h3>\n<h4>De Novembre de 2023 a Febrer 2024<br \/>\nGrup Nostra Dona de Sant Just<\/h4>\n<p>Estimades companyes, no \u00e9s que estem desaparegudes, \u00e9s que no us hem explicat el que hem estat fent. Des del 9 de Novembre, fins avui, ens hem trobat 6 vegades, o sigui, cada quinze dies. Comencem sempre amb una preg\u00e0ria que prepara una de nosaltres. El novembre, algunes vam anar a Montserrat, aprofitant la Romeria parroquial \u201cMaria estel de pelegrins\u201d, fent nostres les paraules d&#8217;introducci\u00f3 del llibre vermell de Montserrat, <i>Salve verge bruna de Montserrat, mare i patrona nostra<\/i>.<span class=\"Apple-converted-space\">\u00a0<\/span><\/p>\n<p>Seguim llegint i aprofundint el llibre de la Teresa Forcades, <i>La Teologia feminista en la historia<\/i>. Darrerament ens hem aturat en la vida de dones del s.XVII, com <i>sor Maria Jes\u00fas de Agreda<\/i> i la subjectivitat de Maria de Natzaret; va ser coneguda com la santa Teresa del barroc o la dama de blau, que provenia d&#8217;una fam\u00edlia de jueus conversos.<span class=\"Apple-converted-space\">\u00a0<\/span><\/p>\n<p>Una altra dona molt maca, <i>sor Juana In\u00e9s de la Cruz <\/i>i la lluita contra la censura eclesi\u00e0stica; durant el segle XX, s&#8217;han seguit trobant documents que defensaven les seves tesis. I hem seguit amb la cat\u00f2lica francesa <i>Marie de Gournay,<\/i> la seva amiga <i>Bathsua Makin<\/i>, anglesa; i <i>Anna Maria Van Schurman<\/i>, coneguda com la Minerva d&#8217;Holanda, probablement la dona m\u00e9s culta del segle XVII. Totes elles, dones valentes, unes van ser silenciades, altres rebatudes, que han passat a la hist\u00f2ria tot i les adversitats viscudes en el seu temps.<\/p>\n<p>Com a grup, seguim amb els estudis d&#8217;Evangeli, ara amb les dones a l&#8217;Evangeli de Marc, l&#8217;evangelista que llegim aquest cicle lit\u00fargic. Cada vegada, una de nosaltres presenta una de les dones b\u00edbliques en un programa de l&#8217;emissora local (Radio Desvern 98.1) <span class=\"Apple-converted-space\">\u00a0<\/span><\/p>\n<p>Tamb\u00e9 seguim atentes al proc\u00e9s de <i>sinodalitat<\/i> proposat pel bisbe Francesc: per caminar en el comprom\u00eds personal i comunitari del Baptisme, per passar d&#8217;una esgl\u00e9sia de persones ordenades vers una esgl\u00e9sia de batejades ja que, quan ens bategen totes les persones som laiques. Les dones, no hem de tenir un paper en l&#8217;Esgl\u00e9sia, hem de tenir un lloc, com a batejades.<\/p>\n","protected":false},"excerpt":{"rendered":"<p>PER LES COMPANYES DEL CO\u00b7LECTIU DE DONES EN L&#8217;ESGL\u00c9SIA\u00a0 De Novembre de 2023 a Febrer 2024 Grup Nostra Dona de Sant Just Estimades companyes, no \u00e9s que estem desaparegudes, \u00e9s [&hellip;]<\/p>\n","protected":false},"author":1,"featured_media":7868,"comment_status":"closed","ping_status":"closed","sticky":false,"template":"","format":"standard","meta":{"footnotes":""},"categories":[5],"tags":[],"class_list":["post-7867","post","type-post","status-publish","format-standard","has-post-thumbnail","hentry","category-noticies"],"_links":{"self":[{"href":"https:\/\/donesesglesia.cat\/wp_cde\/wp-json\/wp\/v2\/posts\/7867","targetHints":{"allow":["GET"]}}],"collection":[{"href":"https:\/\/donesesglesia.cat\/wp_cde\/wp-json\/wp\/v2\/posts"}],"about":[{"href":"https:\/\/donesesglesia.cat\/wp_cde\/wp-json\/wp\/v2\/types\/post"}],"author":[{"embeddable":true,"href":"https:\/\/donesesglesia.cat\/wp_cde\/wp-json\/wp\/v2\/users\/1"}],"replies":[{"embeddable":true,"href":"https:\/\/donesesglesia.cat\/wp_cde\/wp-json\/wp\/v2\/comments?post=7867"}],"version-history":[{"count":4,"href":"https:\/\/donesesglesia.cat\/wp_cde\/wp-json\/wp\/v2\/posts\/7867\/revisions"}],"predecessor-version":[{"id":7872,"href":"https:\/\/donesesglesia.cat\/wp_cde\/wp-json\/wp\/v2\/posts\/7867\/revisions\/7872"}],"wp:featuredmedia":[{"embeddable":true,"href":"https:\/\/donesesglesia.cat\/wp_cde\/wp-json\/wp\/v2\/media\/7868"}],"wp:attachment":[{"href":"https:\/\/donesesglesia.cat\/wp_cde\/wp-json\/wp\/v2\/media?parent=7867"}],"wp:term":[{"taxonomy":"category","embeddable":true,"href":"https:\/\/donesesglesia.cat\/wp_cde\/wp-json\/wp\/v2\/categories?post=7867"},{"taxonomy":"post_tag","embeddable":true,"href":"https:\/\/donesesglesia.cat\/wp_cde\/wp-json\/wp\/v2\/tags?post=7867"}],"curies":[{"name":"wp","href":"https:\/\/api.w.org\/{rel}","templated":true}]}}