{"id":7844,"date":"2023-11-29T20:38:34","date_gmt":"2023-11-29T19:38:34","guid":{"rendered":"https:\/\/donesesglesia.cat\/wp_cde\/?p=7844"},"modified":"2023-11-29T21:21:37","modified_gmt":"2023-11-29T20:21:37","slug":"25n-pregaria-d-alcem-la-veu","status":"publish","type":"post","link":"https:\/\/donesesglesia.cat\/wp_cde\/25n-pregaria-d-alcem-la-veu\/","title":{"rendered":"25N: Preg\u00e0ria d&#8217;Alcem La Veu"},"content":{"rendered":"<h3>25N: \u201cL&#8217;Esgl\u00e9sia ens discrimina per ser dones i la discriminaci\u00f3 \u00e9s el primer pas de la viol\u00e8ncia\u201d<\/h3>\n<p>Catalunya Religi\u00f3 <span class=\"submission-date\"><time title=\"diumenge, 26. Novembre 2023 - 9:09\" datetime=\"2023-11-26T09:09:20+01:00\">Dg. 26\/11\/2023<br \/>\n<\/time><\/span><span class=\"cke-submited\">AINA ARGUETA -CR<\/span>\u00a0<\/p>\n<p><a href=\"https:\/\/www.catalunyareligio.cat\/ca\/25n-esglesia-ens-discrimina-ser-dones\" target=\"_blank\" rel=\"noopener\">Llegeix l&#8217;article original aqu\u00ed (amb galeria de fotos)<\/a><\/p>\n<p><a href=\"https:\/\/donesesglesia.cat\/wp_cde\/wp-content\/uploads\/2023\/11\/25N_alcem-la-veu_2023.jpg\"><img loading=\"lazy\" decoding=\"async\" class=\"aligncenter size-full wp-image-7847\" src=\"https:\/\/donesesglesia.cat\/wp_cde\/wp-content\/uploads\/2023\/11\/25N_alcem-la-veu_2023.jpg\" alt=\"\" width=\"960\" height=\"540\" srcset=\"https:\/\/donesesglesia.cat\/wp_cde\/wp-content\/uploads\/2023\/11\/25N_alcem-la-veu_2023.jpg 960w, https:\/\/donesesglesia.cat\/wp_cde\/wp-content\/uploads\/2023\/11\/25N_alcem-la-veu_2023-300x169.jpg 300w, https:\/\/donesesglesia.cat\/wp_cde\/wp-content\/uploads\/2023\/11\/25N_alcem-la-veu_2023-768x432.jpg 768w, https:\/\/donesesglesia.cat\/wp_cde\/wp-content\/uploads\/2023\/11\/25N_alcem-la-veu_2023-136x77.jpg 136w\" sizes=\"auto, (max-width: 960px) 100vw, 960px\" \/><\/a><\/p>\n<p>El 25 de novembre \u00e9s el dia internacional per l&#8217;erradicaci\u00f3 de la viol\u00e8ncia envers les dones. El col\u00b7lectiu &#8216;Alcem la Veu&#8217; ha organitzat una preg\u00e0ria a la parr\u00f2quia de Santa Anna amb la premissa &#8220;No m\u00e9s viol\u00e8ncia a les dones dins i fora de l&#8217;Esgl\u00e9sia&#8221; i despr\u00e9s s&#8217;han afegit a la manifestaci\u00f3 multitudin\u00e0ria convocada a Barcelona. <strong>Noem\u00ed Ubach<\/strong>, portaveu d&#8217;Alcem la veu, explica que el 25N \u00e9s un dia per reivindicar que s&#8217;acabi la viol\u00e8ncia que pateixen les dones a tots nivells i, per tant, sense oblidar que a &#8220;l&#8217;Esgl\u00e9sia, com qualsevol altre espai social, \u00e9s un espai on s&#8217;exerceix viol\u00e8ncia envers les dones&#8221;. Ho fan en format preg\u00e0ria perqu\u00e8 &#8220;\u00e9s una forma de posar en mans de D\u00e9u, que \u00e9s Pare i Mare, aquest desig que tenim d&#8217;un m\u00f3n m\u00e9s igualitari&#8221;, ha afirmat.\u00a0<\/p>\n<p>Durant l&#8217;acte diferents ponents s&#8217;han referit a la relaci\u00f3 de l&#8217;Esgl\u00e9sia amb les dones. Des d&#8217;Alcem la veu han declarat que &#8220;l&#8217;Esgl\u00e9sia ens discrimina perqu\u00e8 som dones i la discriminaci\u00f3 \u00e9s el primer pas de viol\u00e8ncia&#8221;. Aix\u00f2 ha comportat que &#8220;moltes dones s&#8217;hagin anat allunyant de la instituci\u00f3 sent profundament creients&#8221;.\u00a0En aquesta l\u00ednia, el text llegit a la preg\u00e0ria ha estat un fragment de l&#8217;Evangeli ap\u00f2crif de <strong>Maria Magdalena<\/strong>, un text no acceptat en el relat oficial de la vida de Jes\u00fas de Natzaret. Des de l&#8217;organitzaci\u00f3 han explicat que encara que aquests textos es van decidir no incloure en la B\u00edblia, consideren que alguns d&#8217;ells tenen passatges molt interessants com l&#8217;escollit que reflectia molt b\u00e9 el debat del paper de la dona fins i tot al principi. &#8220;La forma de comportar-se amb les dones de Jes\u00fas era tan trencadora que fins als primers deixebles els hi va costar d&#8217;entendre&#8221;, han analitzat.\u00a0<\/p>\n<p>La preg\u00e0ria ha comptat amb el testimoni de <strong>Reyes Hern\u00e1ndez<\/strong>, treballadora del servei d\u2019atenci\u00f3 a les v\u00edctimes d\u2019abusos de l\u2019Esgl\u00e9sia de Barcelona, que ha opinat que\u00a0&#8220;l&#8217;Esgl\u00e9sia ha trigat una mica a veure la problem\u00e0tica de l&#8217;ab\u00fas en general i de l&#8217;ab\u00fas de la dona en particular&#8221;. Un dels motius pels quals considera que ha estat un proc\u00e9s lent \u00e9s perqu\u00e8 &#8220;recon\u00e8ixer que tenim v\u00edctimes -a l&#8217;Esgl\u00e9sia- \u00e9s tamb\u00e9 recon\u00e8ixer que tenim victimaris&#8221;. La treballadora tamb\u00e9 s&#8217;ha referit als q\u00fcestionaments que reben les v\u00edctimes. &#8220;Si triguen tant a denunciar \u00e9s perqu\u00e8 hi ha molt dolor&#8221;, ha dit. Alhora ha explicat que mai havia vist una v\u00edctima que hagu\u00e9s demanat compensaci\u00f3 econ\u00f2mica. &#8220;Per elles ja \u00e9s molt que alg\u00fa les hi digui &lt;\u00e9s veritat&gt;&#8221;, ha assegurat.\u00a0<\/p>\n<p>Hern\u00e1ndez ha q\u00fcestionat la fixaci\u00f3 per les xifres de v\u00edctimes d&#8217;abusos dins de l&#8217;Esgl\u00e9sia. &#8220;El n\u00famero tant m&#8217;hi fa&#8221;, ha declarat, &#8220;nom\u00e9s que hi hagi una v\u00edctima ja \u00e9s motiu suficient per posar-nos a treballar i que no hi hagi cap m\u00e9s&#8221;.\u00a0<\/p>\n<h3 class=\"cke-inter-title\">Ser cat\u00f2lica i feminista<\/h3>\n<p>Des d&#8217;Alcem la veu reivindiquen el seu espai perqu\u00e8 se senti la veu de dones d&#8217;Esgl\u00e9sia. &#8220;A vegades sembla com si fos incompatible ser cat\u00f2lica i ser feminista, nosaltres tamb\u00e9 necessitem els nostres espais per dir qu\u00e8 volem i qui som&#8221;, ha explicat Ubach.\u00a0<\/p>\n<p>El col\u00b7lectiu reclama que les veus de les dones a l&#8217;esgl\u00e9sia s&#8217;escoltin i no hi hagi cap tipus de discriminaci\u00f3 pel fet de ser dones. Exigeixen que les dones puguin estar no nom\u00e9s en els llocs de servei, sin\u00f3 en els llocs de representaci\u00f3, de lideratge i presents en tots els ministeris. &#8220;Demanem que no es consideri que pel fet d&#8217;haver nascut dona tenim un rol diferent del que tenen els homes&#8221;, ha assenyalat la portaveu.<\/p>\n<p>Despr\u00e9s de la preg\u00e0ria, el col\u00b7lectiu i diferents assistents s&#8217;han adherit a la manifestaci\u00f3 per demanar l&#8217;erradici\u00f3 de la viol\u00e8ncia envers les dones. Ubach ha indicat que\u00a0sempre s&#8217;afegeixen a la manifestaci\u00f3 &#8220;perqu\u00e8 formem part d&#8217;aquest conjunt de dones feministes, no som un grup a part&#8221;. &#8220;Ens sentim identificades amb aquelles dones que, tot i no ser creients, reivindiquen les mateixes coses&#8221;, ha concl\u00f2s.<\/p>\n","protected":false},"excerpt":{"rendered":"<p>25N: \u201cL&#8217;Esgl\u00e9sia ens discrimina per ser dones i la discriminaci\u00f3 \u00e9s el primer pas de la viol\u00e8ncia\u201d Catalunya Religi\u00f3 Dg. 26\/11\/2023 AINA ARGUETA -CR\u00a0 Llegeix l&#8217;article original aqu\u00ed (amb galeria [&hellip;]<\/p>\n","protected":false},"author":1,"featured_media":7845,"comment_status":"closed","ping_status":"closed","sticky":false,"template":"","format":"standard","meta":{"footnotes":""},"categories":[5],"tags":[],"class_list":["post-7844","post","type-post","status-publish","format-standard","has-post-thumbnail","hentry","category-noticies"],"_links":{"self":[{"href":"https:\/\/donesesglesia.cat\/wp_cde\/wp-json\/wp\/v2\/posts\/7844","targetHints":{"allow":["GET"]}}],"collection":[{"href":"https:\/\/donesesglesia.cat\/wp_cde\/wp-json\/wp\/v2\/posts"}],"about":[{"href":"https:\/\/donesesglesia.cat\/wp_cde\/wp-json\/wp\/v2\/types\/post"}],"author":[{"embeddable":true,"href":"https:\/\/donesesglesia.cat\/wp_cde\/wp-json\/wp\/v2\/users\/1"}],"replies":[{"embeddable":true,"href":"https:\/\/donesesglesia.cat\/wp_cde\/wp-json\/wp\/v2\/comments?post=7844"}],"version-history":[{"count":3,"href":"https:\/\/donesesglesia.cat\/wp_cde\/wp-json\/wp\/v2\/posts\/7844\/revisions"}],"predecessor-version":[{"id":7849,"href":"https:\/\/donesesglesia.cat\/wp_cde\/wp-json\/wp\/v2\/posts\/7844\/revisions\/7849"}],"wp:featuredmedia":[{"embeddable":true,"href":"https:\/\/donesesglesia.cat\/wp_cde\/wp-json\/wp\/v2\/media\/7845"}],"wp:attachment":[{"href":"https:\/\/donesesglesia.cat\/wp_cde\/wp-json\/wp\/v2\/media?parent=7844"}],"wp:term":[{"taxonomy":"category","embeddable":true,"href":"https:\/\/donesesglesia.cat\/wp_cde\/wp-json\/wp\/v2\/categories?post=7844"},{"taxonomy":"post_tag","embeddable":true,"href":"https:\/\/donesesglesia.cat\/wp_cde\/wp-json\/wp\/v2\/tags?post=7844"}],"curies":[{"name":"wp","href":"https:\/\/api.w.org\/{rel}","templated":true}]}}