{"id":7689,"date":"2023-04-20T19:59:25","date_gmt":"2023-04-20T17:59:25","guid":{"rendered":"https:\/\/donesesglesia.cat\/wp_cde\/?p=7689"},"modified":"2023-04-20T20:00:11","modified_gmt":"2023-04-20T18:00:11","slug":"grup-nostra-de-sant-just-trobada-de-pasqua","status":"publish","type":"post","link":"https:\/\/donesesglesia.cat\/wp_cde\/grup-nostra-de-sant-just-trobada-de-pasqua\/","title":{"rendered":"Grup Nostra de Sant Just: trobada de Pasqua"},"content":{"rendered":"<p><a href=\"https:\/\/donesesglesia.cat\/wp_cde\/wp-content\/uploads\/2023\/04\/nostra-dona_reunio-pasqua_g.jpg\"><img loading=\"lazy\" decoding=\"async\" class=\"aligncenter size-full wp-image-7690\" src=\"https:\/\/donesesglesia.cat\/wp_cde\/wp-content\/uploads\/2023\/04\/nostra-dona_reunio-pasqua_g.jpg\" alt=\"\" width=\"960\" height=\"360\" srcset=\"https:\/\/donesesglesia.cat\/wp_cde\/wp-content\/uploads\/2023\/04\/nostra-dona_reunio-pasqua_g.jpg 960w, https:\/\/donesesglesia.cat\/wp_cde\/wp-content\/uploads\/2023\/04\/nostra-dona_reunio-pasqua_g-300x113.jpg 300w, https:\/\/donesesglesia.cat\/wp_cde\/wp-content\/uploads\/2023\/04\/nostra-dona_reunio-pasqua_g-768x288.jpg 768w\" sizes=\"auto, (max-width: 960px) 100vw, 960px\" \/><\/a><\/p>\n<h3>Grup Nostra Dona de Sant Just, adherides al CDE. Dia 13 d\u00b4abril de 2023<\/h3>\n<p>A la primera reuni\u00f3 de la setmana de Pasqua, vam comen\u00e7ar aix\u00ed la nostra trobada:<\/p>\n<p>Estimades companyes, avui ens reunim per a celebrar juntes la gran festa de la Pasqua: la Resurrecci\u00f3 de Jes\u00fas, en comuni\u00f3 amb les nostres germanes del Col\u00b7lectiu de Dones en l&#8217;Esgl\u00e9sia i de tots els homes i dones, seguidores del Crist.<\/p>\n<p>Hem preparat una lit\u00fargia del foc i de l&#8217;aigua. La llum, pres\u00e8ncia de Jes\u00fas que ha patit la creu i el sepulcre, celebrem que \u00e9s Viu. Les dones, i deixebles seves, ho van fer saber a tothom, fins el dia d&#8217;avui i ara ho fem nosaltres. Ell ens acompanya a les nostres Galilees.<\/p>\n<p>L&#8217;aigua, origen de tota vida i vam ser batejades amb aigua. Ens volem <em>mullar<\/em> <em>i implicar-nos <\/em>en preservar-la, i mantenir-la viva. Hem pregat a les santes i sants, tamb\u00e9 dels temps recents, que ens han precedit i s\u00f3n referents per a nosaltres. Juntes, hem fet la benedicci\u00f3 de l&#8217;aigua: \u201c<em>D\u00e9u Pare-Mare nostre, celebrem aquest gran regal de la Creaci\u00f3. V\u00f3s que de l&#8217;aigua en feu brollar la vida, bene\u00efu aquesta aigua i doneu-li la vostra for\u00e7a perqu\u00e8, amb ella quedem enfortides i plenes del vostre Esperit d&#8217;Amor\u201d. <\/em>Hem renovat les promeses del baptisme com a persones adultes en el nostre m\u00f3n, ara i aqu\u00ed, compromeses a impulsar el perd\u00f3 i la tendresa en les nostres relacions i a canviar alguns dels nostres costums per respectar i tenir cura del nostre planeta. Hem llegit l&#8217;evangeli de Mt. 28, 1-10, (el sepulcre buit i l&#8217;aparici\u00f3 de Jes\u00fas a les dones) l&#8217;hem comentat entre totes i hem cantat.<\/p>\n<p>Hem acabat la trobada recitant juntes : \u201c<em>Tu has canviat la meva tristesa i l&#8217;has convertida en ball. Em vas prendre la roba de dol i em vas vestir amb robes de festa. Et canto himnes i no deixo de lloar la teva bondat. Senyor meu, no puc estar callada, per aix\u00f2 et lloar\u00e9<\/em>\u201d&#8230; i amb alegria hem compartit un refrigeri.<\/p>\n<p><a href=\"https:\/\/donesesglesia.cat\/wp_cde\/wp-content\/uploads\/2023\/04\/nostra-dona_reunio-pasqua.jpg\"><img loading=\"lazy\" decoding=\"async\" class=\"aligncenter size-full wp-image-7693\" src=\"https:\/\/donesesglesia.cat\/wp_cde\/wp-content\/uploads\/2023\/04\/nostra-dona_reunio-pasqua.jpg\" alt=\"\" width=\"860\" height=\"437\" srcset=\"https:\/\/donesesglesia.cat\/wp_cde\/wp-content\/uploads\/2023\/04\/nostra-dona_reunio-pasqua.jpg 860w, https:\/\/donesesglesia.cat\/wp_cde\/wp-content\/uploads\/2023\/04\/nostra-dona_reunio-pasqua-300x152.jpg 300w, https:\/\/donesesglesia.cat\/wp_cde\/wp-content\/uploads\/2023\/04\/nostra-dona_reunio-pasqua-768x390.jpg 768w\" sizes=\"auto, (max-width: 860px) 100vw, 860px\" \/><\/a><\/p>\n","protected":false},"excerpt":{"rendered":"<p>Grup Nostra Dona de Sant Just, adherides al CDE. Dia 13 d\u00b4abril de 2023 A la primera reuni\u00f3 de la setmana de Pasqua, vam comen\u00e7ar aix\u00ed la nostra trobada: Estimades [&hellip;]<\/p>\n","protected":false},"author":1,"featured_media":7690,"comment_status":"closed","ping_status":"closed","sticky":false,"template":"","format":"standard","meta":{"footnotes":""},"categories":[18,5],"tags":[],"class_list":["post-7689","post","type-post","status-publish","format-standard","has-post-thumbnail","hentry","category-activitats-cde-sant-just-desvern","category-noticies"],"_links":{"self":[{"href":"https:\/\/donesesglesia.cat\/wp_cde\/wp-json\/wp\/v2\/posts\/7689","targetHints":{"allow":["GET"]}}],"collection":[{"href":"https:\/\/donesesglesia.cat\/wp_cde\/wp-json\/wp\/v2\/posts"}],"about":[{"href":"https:\/\/donesesglesia.cat\/wp_cde\/wp-json\/wp\/v2\/types\/post"}],"author":[{"embeddable":true,"href":"https:\/\/donesesglesia.cat\/wp_cde\/wp-json\/wp\/v2\/users\/1"}],"replies":[{"embeddable":true,"href":"https:\/\/donesesglesia.cat\/wp_cde\/wp-json\/wp\/v2\/comments?post=7689"}],"version-history":[{"count":3,"href":"https:\/\/donesesglesia.cat\/wp_cde\/wp-json\/wp\/v2\/posts\/7689\/revisions"}],"predecessor-version":[{"id":7695,"href":"https:\/\/donesesglesia.cat\/wp_cde\/wp-json\/wp\/v2\/posts\/7689\/revisions\/7695"}],"wp:featuredmedia":[{"embeddable":true,"href":"https:\/\/donesesglesia.cat\/wp_cde\/wp-json\/wp\/v2\/media\/7690"}],"wp:attachment":[{"href":"https:\/\/donesesglesia.cat\/wp_cde\/wp-json\/wp\/v2\/media?parent=7689"}],"wp:term":[{"taxonomy":"category","embeddable":true,"href":"https:\/\/donesesglesia.cat\/wp_cde\/wp-json\/wp\/v2\/categories?post=7689"},{"taxonomy":"post_tag","embeddable":true,"href":"https:\/\/donesesglesia.cat\/wp_cde\/wp-json\/wp\/v2\/tags?post=7689"}],"curies":[{"name":"wp","href":"https:\/\/api.w.org\/{rel}","templated":true}]}}