{"id":7666,"date":"2023-04-06T13:50:01","date_gmt":"2023-04-06T11:50:01","guid":{"rendered":"http:\/\/donesesglesia.cat\/wp_cde\/?p=7666"},"modified":"2023-04-06T13:50:40","modified_gmt":"2023-04-06T11:50:40","slug":"sant-jordi-a-palau-el-21-dabril","status":"publish","type":"post","link":"https:\/\/donesesglesia.cat\/wp_cde\/sant-jordi-a-palau-el-21-dabril\/","title":{"rendered":"Sant Jordi a Palau el 21 d&#8217;abril"},"content":{"rendered":"<h3>El CDE participar\u00e0 en l&#8217;activitat &#8220;Sant Jordi a Palau&#8221;, que tindr\u00e0 lloc del 18 al 22 d&#8217;abril al Centre C\u00edvic Pla de Palau-Biblioteca Ernest Lluch.<\/h3>\n<h4>Diferents associacions, entitats i projectes del barri de Palau ens trobarem el divendres 21 d&#8217;abril a la tarda amb paradetes informatives, tallers, m\u00fasica i berenar per celebrar el Sant Jordi 2023.<\/h4>\n<p><a href=\"https:\/\/www.girona.cat\/adminwebs\/docs\/c\/a\/cartellstjordi.pdf\" target=\"_blank\" rel=\"noopener noreferrer\">Cartell en PDF<\/a> \u00a0| \u00a0<a href=\"https:\/\/www.girona.cat\/adminwebs\/docs\/p\/r\/programastjordi.pdf\" target=\"_blank\" rel=\"noopener noreferrer\">Programa en PDF<\/a><\/p>\n<p><a href=\"https:\/\/www.girona.cat\/agenda\/cat\/agenda_fitxa.php?id=35144&amp;ta=age\" target=\"_blank\" rel=\"noopener noreferrer\"><img loading=\"lazy\" decoding=\"async\" class=\"aligncenter wp-image-7668\" src=\"http:\/\/donesesglesia.cat\/wp_cde\/wp-content\/uploads\/2023\/04\/sant-jordi2023.jpg\" alt=\"\" width=\"916\" height=\"647\" srcset=\"https:\/\/donesesglesia.cat\/wp_cde\/wp-content\/uploads\/2023\/04\/sant-jordi2023.jpg 1168w, https:\/\/donesesglesia.cat\/wp_cde\/wp-content\/uploads\/2023\/04\/sant-jordi2023-300x212.jpg 300w, https:\/\/donesesglesia.cat\/wp_cde\/wp-content\/uploads\/2023\/04\/sant-jordi2023-1024x723.jpg 1024w, https:\/\/donesesglesia.cat\/wp_cde\/wp-content\/uploads\/2023\/04\/sant-jordi2023-768x542.jpg 768w\" sizes=\"auto, (max-width: 916px) 100vw, 916px\" \/><\/a><\/p>\n","protected":false},"excerpt":{"rendered":"<p>El CDE participar\u00e0 en l&#8217;activitat &#8220;Sant Jordi a Palau&#8221;, que tindr\u00e0 lloc del 18 al 22 d&#8217;abril al Centre C\u00edvic Pla de Palau-Biblioteca Ernest Lluch. Diferents associacions, entitats i projectes [&hellip;]<\/p>\n","protected":false},"author":1,"featured_media":7667,"comment_status":"closed","ping_status":"closed","sticky":false,"template":"","format":"standard","meta":{"footnotes":""},"categories":[6,5],"tags":[],"class_list":["post-7666","post","type-post","status-publish","format-standard","has-post-thumbnail","hentry","category-activitats-cde","category-noticies"],"_links":{"self":[{"href":"https:\/\/donesesglesia.cat\/wp_cde\/wp-json\/wp\/v2\/posts\/7666","targetHints":{"allow":["GET"]}}],"collection":[{"href":"https:\/\/donesesglesia.cat\/wp_cde\/wp-json\/wp\/v2\/posts"}],"about":[{"href":"https:\/\/donesesglesia.cat\/wp_cde\/wp-json\/wp\/v2\/types\/post"}],"author":[{"embeddable":true,"href":"https:\/\/donesesglesia.cat\/wp_cde\/wp-json\/wp\/v2\/users\/1"}],"replies":[{"embeddable":true,"href":"https:\/\/donesesglesia.cat\/wp_cde\/wp-json\/wp\/v2\/comments?post=7666"}],"version-history":[{"count":2,"href":"https:\/\/donesesglesia.cat\/wp_cde\/wp-json\/wp\/v2\/posts\/7666\/revisions"}],"predecessor-version":[{"id":7670,"href":"https:\/\/donesesglesia.cat\/wp_cde\/wp-json\/wp\/v2\/posts\/7666\/revisions\/7670"}],"wp:featuredmedia":[{"embeddable":true,"href":"https:\/\/donesesglesia.cat\/wp_cde\/wp-json\/wp\/v2\/media\/7667"}],"wp:attachment":[{"href":"https:\/\/donesesglesia.cat\/wp_cde\/wp-json\/wp\/v2\/media?parent=7666"}],"wp:term":[{"taxonomy":"category","embeddable":true,"href":"https:\/\/donesesglesia.cat\/wp_cde\/wp-json\/wp\/v2\/categories?post=7666"},{"taxonomy":"post_tag","embeddable":true,"href":"https:\/\/donesesglesia.cat\/wp_cde\/wp-json\/wp\/v2\/tags?post=7666"}],"curies":[{"name":"wp","href":"https:\/\/api.w.org\/{rel}","templated":true}]}}