{"id":7662,"date":"2023-03-28T13:18:05","date_gmt":"2023-03-28T11:18:05","guid":{"rendered":"http:\/\/donesesglesia.cat\/wp_cde\/?p=7662"},"modified":"2023-04-20T19:50:22","modified_gmt":"2023-04-20T17:50:22","slug":"viure-deixant-petjada","status":"publish","type":"post","link":"https:\/\/donesesglesia.cat\/wp_cde\/viure-deixant-petjada\/","title":{"rendered":"Viure deixant petjada"},"content":{"rendered":"<h3>Viure deixant petjada<br \/>\nAmb la participaci\u00f3 de Marta Mill\u00e0 i Josep Maria Frisa<\/h3>\n<p>El grup Nostra dona de Sant Just, adherides al Col\u00b7lectiu de Dones en l&#8217;Esgl\u00e9sia, vam organitzar una trobada per compartir \u201cles benaurances\u201d proposades per Jes\u00fas, com un estil de vida personal i alhora comunitari. Lluc i Mateu, evangelistes, les presenten com un programa de vida molt diferent dels manaments de l&#8217;AT, una norma formulada en singular. Despr\u00e9s de meditar-les en les nostres reunions, vam convocar una xerrada oberta al poble amb la participaci\u00f3 de na Marta Mill\u00e0 (de les comunitats CVX) i en Josep Maria Fisa (consiliari de Just\u00edcia i Pau), per tal d&#8217;aprofundir-les comunit\u00e0riament.<\/p>\n<p><a href=\"https:\/\/donesesglesia.cat\/wp_cde\/wp-content\/uploads\/2023\/03\/viure-deixant-petjada.jpg\"><img loading=\"lazy\" decoding=\"async\" class=\"aligncenter size-full wp-image-7687\" src=\"https:\/\/donesesglesia.cat\/wp_cde\/wp-content\/uploads\/2023\/03\/viure-deixant-petjada.jpg\" alt=\"\" width=\"1058\" height=\"713\" srcset=\"https:\/\/donesesglesia.cat\/wp_cde\/wp-content\/uploads\/2023\/03\/viure-deixant-petjada.jpg 1058w, https:\/\/donesesglesia.cat\/wp_cde\/wp-content\/uploads\/2023\/03\/viure-deixant-petjada-300x202.jpg 300w, https:\/\/donesesglesia.cat\/wp_cde\/wp-content\/uploads\/2023\/03\/viure-deixant-petjada-1024x690.jpg 1024w, https:\/\/donesesglesia.cat\/wp_cde\/wp-content\/uploads\/2023\/03\/viure-deixant-petjada-768x518.jpg 768w, https:\/\/donesesglesia.cat\/wp_cde\/wp-content\/uploads\/2023\/03\/viure-deixant-petjada-140x94.jpg 140w\" sizes=\"auto, (max-width: 1058px) 100vw, 1058px\" \/><\/a><\/p>\n<p>Dimecres 29 de mar\u00e7 a les 7 de la tarda als locals de la parr\u00f2quia.<br \/>\nOrganitza: grup Nostra Dona<br \/>\nCol\u00b7labora: Parr\u00f2quia dels Sants Just i Pastor<\/p>\n","protected":false},"excerpt":{"rendered":"<p>Viure deixant petjada Amb la participaci\u00f3 de Marta Mill\u00e0 i Josep Maria Frisa El grup Nostra dona de Sant Just, adherides al Col\u00b7lectiu de Dones en l&#8217;Esgl\u00e9sia, vam organitzar una [&hellip;]<\/p>\n","protected":false},"author":1,"featured_media":7663,"comment_status":"closed","ping_status":"closed","sticky":false,"template":"","format":"standard","meta":{"footnotes":""},"categories":[6,5],"tags":[],"class_list":["post-7662","post","type-post","status-publish","format-standard","has-post-thumbnail","hentry","category-activitats-cde","category-noticies"],"_links":{"self":[{"href":"https:\/\/donesesglesia.cat\/wp_cde\/wp-json\/wp\/v2\/posts\/7662","targetHints":{"allow":["GET"]}}],"collection":[{"href":"https:\/\/donesesglesia.cat\/wp_cde\/wp-json\/wp\/v2\/posts"}],"about":[{"href":"https:\/\/donesesglesia.cat\/wp_cde\/wp-json\/wp\/v2\/types\/post"}],"author":[{"embeddable":true,"href":"https:\/\/donesesglesia.cat\/wp_cde\/wp-json\/wp\/v2\/users\/1"}],"replies":[{"embeddable":true,"href":"https:\/\/donesesglesia.cat\/wp_cde\/wp-json\/wp\/v2\/comments?post=7662"}],"version-history":[{"count":3,"href":"https:\/\/donesesglesia.cat\/wp_cde\/wp-json\/wp\/v2\/posts\/7662\/revisions"}],"predecessor-version":[{"id":7688,"href":"https:\/\/donesesglesia.cat\/wp_cde\/wp-json\/wp\/v2\/posts\/7662\/revisions\/7688"}],"wp:featuredmedia":[{"embeddable":true,"href":"https:\/\/donesesglesia.cat\/wp_cde\/wp-json\/wp\/v2\/media\/7663"}],"wp:attachment":[{"href":"https:\/\/donesesglesia.cat\/wp_cde\/wp-json\/wp\/v2\/media?parent=7662"}],"wp:term":[{"taxonomy":"category","embeddable":true,"href":"https:\/\/donesesglesia.cat\/wp_cde\/wp-json\/wp\/v2\/categories?post=7662"},{"taxonomy":"post_tag","embeddable":true,"href":"https:\/\/donesesglesia.cat\/wp_cde\/wp-json\/wp\/v2\/tags?post=7662"}],"curies":[{"name":"wp","href":"https:\/\/api.w.org\/{rel}","templated":true}]}}