{"id":7652,"date":"2023-03-27T17:30:15","date_gmt":"2023-03-27T15:30:15","guid":{"rendered":"http:\/\/donesesglesia.cat\/wp_cde\/?p=7652"},"modified":"2023-03-27T17:33:20","modified_gmt":"2023-03-27T15:33:20","slug":"celebracio-del-8m-a-girona","status":"publish","type":"post","link":"https:\/\/donesesglesia.cat\/wp_cde\/celebracio-del-8m-a-girona\/","title":{"rendered":"Celebraci\u00f3 del 8M a Girona"},"content":{"rendered":"<p>Com a membres del Consell per la igualtat de l\u2019Ajuntament de Girona, el CDE a Girona va\u00a0organitzar, juntament amb Dones d\u2019Arreu del M\u00f3n, un col\u00b7loqui sobre Dones i Cinema, al que van assistir una trentena llarga de persones.<\/p>\n<p>Tamb\u00e9 v\u00e0rem decorar el vest\u00edbul del Centre C\u00edvic de Pla de Palau-Sant Pau, on el CDE t\u00e9 la seu social a Girona.<\/p>\n<p>Per \u00faltim, la Piua Salvatella va ser l\u2019encarregada de llegir el Manifest del 8M a l\u2019acte organitzat per l\u2019ICD, l\u2019Ajuntament de Girona i la Diputaci\u00f3 de Girona, celebrat a la seu de la Generalitat.<\/p>\n<style type=\"text\/css\">\n#foogallery-gallery-7646.fg-justified .fg-item { margin-right: 2px; margin-bottom: 2px; }\n#foogallery-gallery-7646.fg-justified .fg-image { height: 200px; }<\/style>\n\t\t\t<div class=\"foogallery foogallery-container foogallery-justified foogallery-lightbox-none fg-justified fg-ready fg-light fg-shadow-outline fg-loading-default fg-loaded-fade-in fg-hover-scale fg-caption-always fg-hover-fade fg-hover-zoom2 fg-light-overlays fg-c-j\" id=\"foogallery-gallery-7646\" data-foogallery=\"{&quot;item&quot;:{&quot;showCaptionTitle&quot;:true,&quot;showCaptionDescription&quot;:false},&quot;lazy&quot;:true,&quot;template&quot;:{&quot;rowHeight&quot;:200,&quot;maxRowHeight&quot;:300,&quot;margins&quot;:2,&quot;align&quot;:&quot;center&quot;,&quot;lastRow&quot;:&quot;smart&quot;}}\" style=\"--fg-title-line-clamp: 0; --fg-description-line-clamp: 0;\" >\n\t<div class=\"fg-item fg-type-image fg-idle\"><figure class=\"fg-item-inner\"><a href=\"https:\/\/donesesglesia.cat\/wp_cde\/wp-content\/uploads\/2023\/03\/8m-girona_2023_01.jpg\" data-attachment-id=\"7647\" data-type=\"image\" class=\"fg-thumb\"><span class=\"fg-image-wrap\"><img fetchpriority=\"high\" decoding=\"async\" height=\"300\" width=\"242\" class=\"skip-lazy fg-image\" data-src-fg=\"https:\/\/donesesglesia.cat\/wp_cde\/wp-content\/uploads\/cache\/2023\/03\/8m-girona_2023_01\/4035605504.jpg\" data-srcset-fg=\"https:\/\/donesesglesia.cat\/wp_cde\/wp-content\/uploads\/cache\/2023\/03\/8m-girona_2023_01\/2112318373.jpg 2x\" src=\"data:image\/svg+xml,%3Csvg%20xmlns%3D%22http%3A%2F%2Fwww.w3.org%2F2000%2Fsvg%22%20width%3D%22242%22%20height%3D%22300%22%20viewBox%3D%220%200%20242%20300%22%3E%3C%2Fsvg%3E\" loading=\"eager\"><\/span><span class=\"fg-image-overlay\"><\/span><\/a><\/figure><div class=\"fg-loader\"><\/div><\/div><div class=\"fg-item fg-type-image fg-idle\"><figure class=\"fg-item-inner\"><a href=\"https:\/\/donesesglesia.cat\/wp_cde\/wp-content\/uploads\/2023\/03\/8m-girona_2023_02.jpg\" data-attachment-id=\"7648\" data-type=\"image\" class=\"fg-thumb\"><span class=\"fg-image-wrap\"><img decoding=\"async\" height=\"300\" width=\"430\" class=\"skip-lazy fg-image\" data-src-fg=\"https:\/\/donesesglesia.cat\/wp_cde\/wp-content\/uploads\/cache\/2023\/03\/8m-girona_2023_02\/4279316336.jpg\" data-srcset-fg=\"https:\/\/donesesglesia.cat\/wp_cde\/wp-content\/uploads\/cache\/2023\/03\/8m-girona_2023_02\/2549184863.jpg 2x\" src=\"data:image\/svg+xml,%3Csvg%20xmlns%3D%22http%3A%2F%2Fwww.w3.org%2F2000%2Fsvg%22%20width%3D%22430%22%20height%3D%22300%22%20viewBox%3D%220%200%20430%20300%22%3E%3C%2Fsvg%3E\" loading=\"eager\"><\/span><span class=\"fg-image-overlay\"><\/span><\/a><\/figure><div class=\"fg-loader\"><\/div><\/div><div class=\"fg-item fg-type-image fg-idle\"><figure class=\"fg-item-inner\"><a href=\"https:\/\/donesesglesia.cat\/wp_cde\/wp-content\/uploads\/2023\/03\/8m-girona_2023_04.jpg\" data-attachment-id=\"7650\" data-type=\"image\" class=\"fg-thumb\"><span class=\"fg-image-wrap\"><img decoding=\"async\" height=\"300\" width=\"502\" class=\"skip-lazy fg-image\" data-src-fg=\"https:\/\/donesesglesia.cat\/wp_cde\/wp-content\/uploads\/cache\/2023\/03\/8m-girona_2023_04\/609044083.jpg\" data-srcset-fg=\"https:\/\/donesesglesia.cat\/wp_cde\/wp-content\/uploads\/cache\/2023\/03\/8m-girona_2023_04\/3397856842.jpg 2x\" src=\"data:image\/svg+xml,%3Csvg%20xmlns%3D%22http%3A%2F%2Fwww.w3.org%2F2000%2Fsvg%22%20width%3D%22502%22%20height%3D%22300%22%20viewBox%3D%220%200%20502%20300%22%3E%3C%2Fsvg%3E\" loading=\"eager\"><\/span><span class=\"fg-image-overlay\"><\/span><\/a><\/figure><div class=\"fg-loader\"><\/div><\/div><div class=\"fg-item fg-type-image fg-idle\"><figure class=\"fg-item-inner\"><a href=\"https:\/\/donesesglesia.cat\/wp_cde\/wp-content\/uploads\/2023\/03\/8m-girona_2023_06.jpg\" data-attachment-id=\"7655\" data-type=\"image\" class=\"fg-thumb\"><span class=\"fg-image-wrap\"><img decoding=\"async\" height=\"300\" width=\"451\" class=\"skip-lazy fg-image\" data-src-fg=\"https:\/\/donesesglesia.cat\/wp_cde\/wp-content\/uploads\/cache\/2023\/03\/8m-girona_2023_06\/426014079.jpg\" data-srcset-fg=\"https:\/\/donesesglesia.cat\/wp_cde\/wp-content\/uploads\/cache\/2023\/03\/8m-girona_2023_06\/2995400266.jpg 2x\" src=\"data:image\/svg+xml,%3Csvg%20xmlns%3D%22http%3A%2F%2Fwww.w3.org%2F2000%2Fsvg%22%20width%3D%22451%22%20height%3D%22300%22%20viewBox%3D%220%200%20451%20300%22%3E%3C%2Fsvg%3E\" loading=\"eager\"><\/span><span class=\"fg-image-overlay\"><\/span><\/a><\/figure><div class=\"fg-loader\"><\/div><\/div><div class=\"fg-item fg-type-image fg-idle\"><figure class=\"fg-item-inner\"><a href=\"https:\/\/donesesglesia.cat\/wp_cde\/wp-content\/uploads\/2023\/03\/8m-girona_2023_03.jpg\" data-attachment-id=\"7649\" data-type=\"image\" class=\"fg-thumb\"><span class=\"fg-image-wrap\"><img decoding=\"async\" height=\"300\" width=\"468\" class=\"skip-lazy fg-image\" data-src-fg=\"https:\/\/donesesglesia.cat\/wp_cde\/wp-content\/uploads\/cache\/2023\/03\/8m-girona_2023_03\/705852427.jpg\" data-srcset-fg=\"https:\/\/donesesglesia.cat\/wp_cde\/wp-content\/uploads\/cache\/2023\/03\/8m-girona_2023_03\/3619514925.jpg 2x\" src=\"data:image\/svg+xml,%3Csvg%20xmlns%3D%22http%3A%2F%2Fwww.w3.org%2F2000%2Fsvg%22%20width%3D%22468%22%20height%3D%22300%22%20viewBox%3D%220%200%20468%20300%22%3E%3C%2Fsvg%3E\" loading=\"eager\"><\/span><span class=\"fg-image-overlay\"><\/span><\/a><\/figure><div class=\"fg-loader\"><\/div><\/div><div class=\"fg-item fg-type-image fg-idle\"><figure class=\"fg-item-inner\"><a href=\"https:\/\/donesesglesia.cat\/wp_cde\/wp-content\/uploads\/2023\/03\/8m-girona_2023_05.jpg\" data-attachment-id=\"7651\" data-type=\"image\" class=\"fg-thumb\"><span class=\"fg-image-wrap\"><img decoding=\"async\" height=\"300\" width=\"184\" class=\"skip-lazy fg-image\" data-src-fg=\"https:\/\/donesesglesia.cat\/wp_cde\/wp-content\/uploads\/cache\/2023\/03\/8m-girona_2023_05\/4048428296.jpg\" data-srcset-fg=\"https:\/\/donesesglesia.cat\/wp_cde\/wp-content\/uploads\/cache\/2023\/03\/8m-girona_2023_05\/3379440147.jpg 2x\" src=\"data:image\/svg+xml,%3Csvg%20xmlns%3D%22http%3A%2F%2Fwww.w3.org%2F2000%2Fsvg%22%20width%3D%22184%22%20height%3D%22300%22%20viewBox%3D%220%200%20184%20300%22%3E%3C%2Fsvg%3E\" loading=\"eager\"><\/span><span class=\"fg-image-overlay\"><\/span><\/a><\/figure><div class=\"fg-loader\"><\/div><\/div><\/div>\n\n","protected":false},"excerpt":{"rendered":"<p>Com a membres del Consell per la igualtat de l\u2019Ajuntament de Girona, el CDE a Girona va\u00a0organitzar, juntament amb Dones d\u2019Arreu del M\u00f3n, un col\u00b7loqui sobre Dones i Cinema, al [&hellip;]<\/p>\n","protected":false},"author":1,"featured_media":7656,"comment_status":"closed","ping_status":"closed","sticky":false,"template":"","format":"standard","meta":{"footnotes":""},"categories":[6,7,5],"tags":[],"class_list":["post-7652","post","type-post","status-publish","format-standard","has-post-thumbnail","hentry","category-activitats-cde","category-activitats-cde-girona","category-noticies"],"_links":{"self":[{"href":"https:\/\/donesesglesia.cat\/wp_cde\/wp-json\/wp\/v2\/posts\/7652","targetHints":{"allow":["GET"]}}],"collection":[{"href":"https:\/\/donesesglesia.cat\/wp_cde\/wp-json\/wp\/v2\/posts"}],"about":[{"href":"https:\/\/donesesglesia.cat\/wp_cde\/wp-json\/wp\/v2\/types\/post"}],"author":[{"embeddable":true,"href":"https:\/\/donesesglesia.cat\/wp_cde\/wp-json\/wp\/v2\/users\/1"}],"replies":[{"embeddable":true,"href":"https:\/\/donesesglesia.cat\/wp_cde\/wp-json\/wp\/v2\/comments?post=7652"}],"version-history":[{"count":1,"href":"https:\/\/donesesglesia.cat\/wp_cde\/wp-json\/wp\/v2\/posts\/7652\/revisions"}],"predecessor-version":[{"id":7653,"href":"https:\/\/donesesglesia.cat\/wp_cde\/wp-json\/wp\/v2\/posts\/7652\/revisions\/7653"}],"wp:featuredmedia":[{"embeddable":true,"href":"https:\/\/donesesglesia.cat\/wp_cde\/wp-json\/wp\/v2\/media\/7656"}],"wp:attachment":[{"href":"https:\/\/donesesglesia.cat\/wp_cde\/wp-json\/wp\/v2\/media?parent=7652"}],"wp:term":[{"taxonomy":"category","embeddable":true,"href":"https:\/\/donesesglesia.cat\/wp_cde\/wp-json\/wp\/v2\/categories?post=7652"},{"taxonomy":"post_tag","embeddable":true,"href":"https:\/\/donesesglesia.cat\/wp_cde\/wp-json\/wp\/v2\/tags?post=7652"}],"curies":[{"name":"wp","href":"https:\/\/api.w.org\/{rel}","templated":true}]}}