{"id":7635,"date":"2023-03-12T21:38:04","date_gmt":"2023-03-12T20:38:04","guid":{"rendered":"http:\/\/donesesglesia.cat\/wp_cde\/?p=7635"},"modified":"2023-03-12T21:44:58","modified_gmt":"2023-03-12T20:44:58","slug":"7635-2","status":"publish","type":"post","link":"https:\/\/donesesglesia.cat\/wp_cde\/7635-2\/","title":{"rendered":"Una dona, Egeria \u00f3 Ex\u00e8ria"},"content":{"rendered":"<h3><em>Alcem la veu<\/em>, la coordinadora de dones creients, va presentar a Barcelona, a l&#8217;antic Monestir de Sant Pau del Camp, el llibre <em>Yo soy Egeria. Lectura feminista de un viaje en el siglo IV, <\/em>amb dues edicions, en llengua castellana i gallega que, pocs dies despr\u00e9s tamb\u00e9 es presentaven a Madrid.<\/h3>\n<h4><a href=\"http:\/\/donesesglesia.cat\/wp_cde\/wp-content\/uploads\/2023\/03\/presentacio-egeria_p.jpg\"><img loading=\"lazy\" decoding=\"async\" class=\" wp-image-7641 alignleft\" src=\"http:\/\/donesesglesia.cat\/wp_cde\/wp-content\/uploads\/2023\/03\/presentacio-egeria_p.jpg\" alt=\"\" width=\"208\" height=\"147\" srcset=\"https:\/\/donesesglesia.cat\/wp_cde\/wp-content\/uploads\/2023\/03\/presentacio-egeria_p.jpg 566w, https:\/\/donesesglesia.cat\/wp_cde\/wp-content\/uploads\/2023\/03\/presentacio-egeria_p-300x212.jpg 300w\" sizes=\"auto, (max-width: 208px) 100vw, 208px\" \/><\/a>En la presentaci\u00f3 van intervenir l\u00b4autora, <em>Marisa Vidal Collazo<\/em>, professora, te\u00f2loga i membre de la ATE, i tamb\u00e9 <em>Maria Pau Trayner i Vilanova<\/em>, mestra, te\u00f2loga i membre del Col\u00b7lectiu de Dones en l&#8217;Esgl\u00e9sia.<\/h4>\n<h4>Va ser un acte en que es respirava calidesa, per la proximitat amb que van intervenir les dues presentadores, la <em>Maria Pau<\/em> per la seva traject\u00f2ria, ens va situar en el moment que va anar a estudiar Teologia, essent la primera dona que entrava al Seminari de Barcelona i on va escoltar per primera vegada el nom de Egeria.<\/h4>\n<p><a href=\"http:\/\/donesesglesia.cat\/wp_cde\/wp-content\/uploads\/2023\/03\/presentacio-egeria.jpg\"><img loading=\"lazy\" decoding=\"async\" class=\" wp-image-7637 alignright\" src=\"http:\/\/donesesglesia.cat\/wp_cde\/wp-content\/uploads\/2023\/03\/presentacio-egeria.jpg\" alt=\"\" width=\"433\" height=\"318\" srcset=\"https:\/\/donesesglesia.cat\/wp_cde\/wp-content\/uploads\/2023\/03\/presentacio-egeria.jpg 1200w, https:\/\/donesesglesia.cat\/wp_cde\/wp-content\/uploads\/2023\/03\/presentacio-egeria-300x220.jpg 300w, https:\/\/donesesglesia.cat\/wp_cde\/wp-content\/uploads\/2023\/03\/presentacio-egeria-1024x752.jpg 1024w, https:\/\/donesesglesia.cat\/wp_cde\/wp-content\/uploads\/2023\/03\/presentacio-egeria-768x564.jpg 768w\" sizes=\"auto, (max-width: 433px) 100vw, 433px\" \/><\/a>I la <em>Marisa<\/em>, que ha escrit aquest llibre sobre el viatge que una dona culta, procedent de la Gallaecia romana, va realitzar a Terra Santa durant el segle IV, escrit des d\u00b4una perspectiva feminista i alhora com si la mateixa protagonista, Egeria, es dirig\u00eds a les persones lectores.<\/p>\n<p>Despr\u00e9s de la presentaci\u00f3 del llibre, es va obrir un col\u00b7loqui amb les assistents i despr\u00e9s m\u00fasica, una veu magn\u00edfica acompanyada dels teclats va glosar la Maria Merc\u00e8 Mar\u00e7al, una cloenda que va anar a c\u00e0rrec de dues dones joves.<\/p>\n<p>Els escrits de Egeria, s\u00f3n un aut\u00e8ntic diari de ruta, encara m\u00e9s, la seva curiositat, la riquesa dels detalls, la finor de les seves intu\u00efcions, junt amb els motius dels seu viatge, ens mostren una dona curiosa i viatgera, una figura apassionant, digna de ser coneguda i reconeguda.<\/p>\n<p><strong>N\u00faria Jim\u00e9nez Huertas<\/strong><\/p>\n","protected":false},"excerpt":{"rendered":"<p>Alcem la veu, la coordinadora de dones creients, va presentar a Barcelona, a l&#8217;antic Monestir de Sant Pau del Camp, el llibre Yo soy Egeria. Lectura feminista de un viaje [&hellip;]<\/p>\n","protected":false},"author":1,"featured_media":7636,"comment_status":"closed","ping_status":"closed","sticky":false,"template":"","format":"standard","meta":{"footnotes":""},"categories":[5],"tags":[],"class_list":["post-7635","post","type-post","status-publish","format-standard","has-post-thumbnail","hentry","category-noticies"],"_links":{"self":[{"href":"https:\/\/donesesglesia.cat\/wp_cde\/wp-json\/wp\/v2\/posts\/7635","targetHints":{"allow":["GET"]}}],"collection":[{"href":"https:\/\/donesesglesia.cat\/wp_cde\/wp-json\/wp\/v2\/posts"}],"about":[{"href":"https:\/\/donesesglesia.cat\/wp_cde\/wp-json\/wp\/v2\/types\/post"}],"author":[{"embeddable":true,"href":"https:\/\/donesesglesia.cat\/wp_cde\/wp-json\/wp\/v2\/users\/1"}],"replies":[{"embeddable":true,"href":"https:\/\/donesesglesia.cat\/wp_cde\/wp-json\/wp\/v2\/comments?post=7635"}],"version-history":[{"count":5,"href":"https:\/\/donesesglesia.cat\/wp_cde\/wp-json\/wp\/v2\/posts\/7635\/revisions"}],"predecessor-version":[{"id":7643,"href":"https:\/\/donesesglesia.cat\/wp_cde\/wp-json\/wp\/v2\/posts\/7635\/revisions\/7643"}],"wp:featuredmedia":[{"embeddable":true,"href":"https:\/\/donesesglesia.cat\/wp_cde\/wp-json\/wp\/v2\/media\/7636"}],"wp:attachment":[{"href":"https:\/\/donesesglesia.cat\/wp_cde\/wp-json\/wp\/v2\/media?parent=7635"}],"wp:term":[{"taxonomy":"category","embeddable":true,"href":"https:\/\/donesesglesia.cat\/wp_cde\/wp-json\/wp\/v2\/categories?post=7635"},{"taxonomy":"post_tag","embeddable":true,"href":"https:\/\/donesesglesia.cat\/wp_cde\/wp-json\/wp\/v2\/tags?post=7635"}],"curies":[{"name":"wp","href":"https:\/\/api.w.org\/{rel}","templated":true}]}}