{"id":7605,"date":"2023-02-14T17:31:15","date_gmt":"2023-02-14T16:31:15","guid":{"rendered":"http:\/\/donesesglesia.cat\/wp_cde\/?p=7605"},"modified":"2023-02-14T17:40:04","modified_gmt":"2023-02-14T16:40:04","slug":"alcem-la-veu-concentracio-5-de-marc","status":"publish","type":"post","link":"https:\/\/donesesglesia.cat\/wp_cde\/alcem-la-veu-concentracio-5-de-marc\/","title":{"rendered":"Alcem La Veu: concentraci\u00f3 5 de mar\u00e7"},"content":{"rendered":"<h3><span style=\"font-size: large;\"><b>Coordinadora de Dones Creients_Alcem La Veu<\/b><\/span><\/h3>\n<p><span style=\"font-size: large;\">De nou el diumenge anterior al 8 de Mar\u00e7, el<b><span style=\"color: #9900ff;\"> 5 de MAR\u00c7<\/span><\/b> celebrarem el nostre acte p\u00fablic.\u00a0<\/span><\/p>\n<p><span style=\"font-size: large;\">Enguany amb el lema <b><span style=\"color: #9900ff;\">CAMINEM JUNTES PER LA DIGNITAT I LA IGUALTAT DE LES DONES A L&#8217;ESGL\u00c9SIA<\/span><\/b>.<\/span><\/p>\n<p><iframe loading=\"lazy\" src=\"\/\/www.youtube.com\/embed\/CWNaJYCvuC8\" width=\"560\" height=\"314\" allowfullscreen=\"allowfullscreen\"><\/iframe><\/p>\n<p><a href=\"http:\/\/donesesglesia.cat\/wp_cde\/wp-content\/uploads\/2023\/02\/CartellBCN2023.png\"><img loading=\"lazy\" decoding=\"async\" class=\"aligncenter size-full wp-image-7608\" src=\"http:\/\/donesesglesia.cat\/wp_cde\/wp-content\/uploads\/2023\/02\/CartellBCN2023.png\" alt=\"\" width=\"1080\" height=\"1080\" srcset=\"https:\/\/donesesglesia.cat\/wp_cde\/wp-content\/uploads\/2023\/02\/CartellBCN2023.png 1080w, https:\/\/donesesglesia.cat\/wp_cde\/wp-content\/uploads\/2023\/02\/CartellBCN2023-300x300.png 300w, https:\/\/donesesglesia.cat\/wp_cde\/wp-content\/uploads\/2023\/02\/CartellBCN2023-1024x1024.png 1024w, https:\/\/donesesglesia.cat\/wp_cde\/wp-content\/uploads\/2023\/02\/CartellBCN2023-150x150.png 150w, https:\/\/donesesglesia.cat\/wp_cde\/wp-content\/uploads\/2023\/02\/CartellBCN2023-768x768.png 768w, https:\/\/donesesglesia.cat\/wp_cde\/wp-content\/uploads\/2023\/02\/CartellBCN2023-37x37.png 37w, https:\/\/donesesglesia.cat\/wp_cde\/wp-content\/uploads\/2023\/02\/CartellBCN2023-128x128.png 128w, https:\/\/donesesglesia.cat\/wp_cde\/wp-content\/uploads\/2023\/02\/CartellBCN2023-184x184.png 184w\" sizes=\"auto, (max-width: 1080px) 100vw, 1080px\" \/><\/a><\/p>\n","protected":false},"excerpt":{"rendered":"<p>Coordinadora de Dones Creients_Alcem La Veu De nou el diumenge anterior al 8 de Mar\u00e7, el 5 de MAR\u00c7 celebrarem el nostre acte p\u00fablic.\u00a0 Enguany amb el lema CAMINEM JUNTES [&hellip;]<\/p>\n","protected":false},"author":1,"featured_media":7609,"comment_status":"closed","ping_status":"closed","sticky":false,"template":"","format":"standard","meta":{"footnotes":""},"categories":[13,5],"tags":[],"class_list":["post-7605","post","type-post","status-publish","format-standard","has-post-thumbnail","hentry","category-activitats-recomanades","category-noticies"],"_links":{"self":[{"href":"https:\/\/donesesglesia.cat\/wp_cde\/wp-json\/wp\/v2\/posts\/7605","targetHints":{"allow":["GET"]}}],"collection":[{"href":"https:\/\/donesesglesia.cat\/wp_cde\/wp-json\/wp\/v2\/posts"}],"about":[{"href":"https:\/\/donesesglesia.cat\/wp_cde\/wp-json\/wp\/v2\/types\/post"}],"author":[{"embeddable":true,"href":"https:\/\/donesesglesia.cat\/wp_cde\/wp-json\/wp\/v2\/users\/1"}],"replies":[{"embeddable":true,"href":"https:\/\/donesesglesia.cat\/wp_cde\/wp-json\/wp\/v2\/comments?post=7605"}],"version-history":[{"count":6,"href":"https:\/\/donesesglesia.cat\/wp_cde\/wp-json\/wp\/v2\/posts\/7605\/revisions"}],"predecessor-version":[{"id":7614,"href":"https:\/\/donesesglesia.cat\/wp_cde\/wp-json\/wp\/v2\/posts\/7605\/revisions\/7614"}],"wp:featuredmedia":[{"embeddable":true,"href":"https:\/\/donesesglesia.cat\/wp_cde\/wp-json\/wp\/v2\/media\/7609"}],"wp:attachment":[{"href":"https:\/\/donesesglesia.cat\/wp_cde\/wp-json\/wp\/v2\/media?parent=7605"}],"wp:term":[{"taxonomy":"category","embeddable":true,"href":"https:\/\/donesesglesia.cat\/wp_cde\/wp-json\/wp\/v2\/categories?post=7605"},{"taxonomy":"post_tag","embeddable":true,"href":"https:\/\/donesesglesia.cat\/wp_cde\/wp-json\/wp\/v2\/tags?post=7605"}],"curies":[{"name":"wp","href":"https:\/\/api.w.org\/{rel}","templated":true}]}}