{"id":7591,"date":"2023-02-04T19:43:30","date_gmt":"2023-02-04T18:43:30","guid":{"rendered":"http:\/\/donesesglesia.cat\/wp_cde\/?p=7591"},"modified":"2023-02-04T19:44:19","modified_gmt":"2023-02-04T18:44:19","slug":"dia-mundial-de-pregaria-2023","status":"publish","type":"post","link":"https:\/\/donesesglesia.cat\/wp_cde\/dia-mundial-de-pregaria-2023\/","title":{"rendered":"Dia Mundial de Preg\u00e0ria 2023"},"content":{"rendered":"<h3>&#8220;M&#8217;han parlat de la vostra fe&#8221;<br \/>\nDivendres 3 de mar\u00e7, a les 19:00h<br \/>\nParr\u00f2quia del Carme (c\/ Bisbe Laguarda, 1 C). 08001 Barcelona<\/h3>\n<p><a href=\"http:\/\/donesesglesia.cat\/wp_cde\/wp-content\/uploads\/2023\/02\/dia-mundial-pregaria.pdf\" target=\"_blank\" rel=\"noopener noreferrer\">Cartell en PDF<\/a><\/p>\n<p>El primer divendres de mar\u00e7, el moviment del <strong>Dia Mundial de Preg\u00e0ria<\/strong> s\u2019uneix en oraci\u00f3 i acci\u00f3 en les comunitats locals de tot el m\u00f3n. Aquest any no \u00e9s diferent. Tornarem a pregar juntes aquest cop s\u00ed, a la Parr\u00f2quia del Carme.<\/p>\n<p>Al final del segle XIX, les dones baptistes dels EUA van comen\u00e7ar a pregar i donar suport econ\u00f2micament a les missioneres escampades per tot el m\u00f3n. A poc a poc aquest moviment d\u2019oraci\u00f3 va anar creixent i ampliant-se, de manera que avui, en 140 pa\u00efsos, al llarg de tot el m\u00f3n, se celebrar\u00e0 aquesta lit\u00fargia, preparada aquest any per les dones cristianes de Taiwan. A Espanya se celebra des de 1950. Va comen\u00e7ar a l\u2019Esgl\u00e9sia Reformada Episcopal (Comuni\u00f3 Anglicana), i a l\u2019Esgl\u00e9sia Evang\u00e8lica Espanyola. Anys despr\u00e9s es va incorporar tamb\u00e9 l\u2019Esgl\u00e9sia Cat\u00f2lica Romana.<\/p>\n<p>Preparat per dones que ens apropen al seu pa\u00eds i a les seves necessitats, est\u00e0 obert a dones i homes que vulguin tenir una experi\u00e8ncia religiosa que els uneixi a milers d\u2019homes i dones que preguen tamb\u00e9, amb la mateixa lit\u00fargia, en diferents franges hor\u00e0ries, aquest primer divendres de mar\u00e7.<\/p>\n<p>Aquest any t\u2019esperem<strong>\u00a0divendres 3 de mar\u00e7 a les 19h<\/strong>\u00a0a la Parr\u00f2quia del Carme (carrer Bisbe Laguarda, 1 C \u2013 Barcelona) per celebrar aquest dia dedicat a les esgl\u00e9sies de Taiwan.<\/p>\n<p><a href=\"http:\/\/donesesglesia.cat\/wp_cde\/wp-content\/uploads\/2023\/02\/dia-mundial-pregaria.pdf\" target=\"_blank\" rel=\"noopener noreferrer\"><img loading=\"lazy\" decoding=\"async\" class=\"aligncenter wp-image-7593 size-full\" src=\"http:\/\/donesesglesia.cat\/wp_cde\/wp-content\/uploads\/2023\/02\/dia-mundial-pregaria.jpg\" alt=\"\" width=\"738\" height=\"1073\" srcset=\"https:\/\/donesesglesia.cat\/wp_cde\/wp-content\/uploads\/2023\/02\/dia-mundial-pregaria.jpg 738w, https:\/\/donesesglesia.cat\/wp_cde\/wp-content\/uploads\/2023\/02\/dia-mundial-pregaria-206x300.jpg 206w, https:\/\/donesesglesia.cat\/wp_cde\/wp-content\/uploads\/2023\/02\/dia-mundial-pregaria-704x1024.jpg 704w\" sizes=\"auto, (max-width: 738px) 100vw, 738px\" \/><\/a><\/p>\n<p>&nbsp;<\/p>\n","protected":false},"excerpt":{"rendered":"<p>&#8220;M&#8217;han parlat de la vostra fe&#8221; Divendres 3 de mar\u00e7, a les 19:00h Parr\u00f2quia del Carme (c\/ Bisbe Laguarda, 1 C). 08001 Barcelona Cartell en PDF El primer divendres de [&hellip;]<\/p>\n","protected":false},"author":1,"featured_media":7592,"comment_status":"closed","ping_status":"closed","sticky":false,"template":"","format":"standard","meta":{"footnotes":""},"categories":[13,5],"tags":[],"class_list":["post-7591","post","type-post","status-publish","format-standard","has-post-thumbnail","hentry","category-activitats-recomanades","category-noticies"],"_links":{"self":[{"href":"https:\/\/donesesglesia.cat\/wp_cde\/wp-json\/wp\/v2\/posts\/7591","targetHints":{"allow":["GET"]}}],"collection":[{"href":"https:\/\/donesesglesia.cat\/wp_cde\/wp-json\/wp\/v2\/posts"}],"about":[{"href":"https:\/\/donesesglesia.cat\/wp_cde\/wp-json\/wp\/v2\/types\/post"}],"author":[{"embeddable":true,"href":"https:\/\/donesesglesia.cat\/wp_cde\/wp-json\/wp\/v2\/users\/1"}],"replies":[{"embeddable":true,"href":"https:\/\/donesesglesia.cat\/wp_cde\/wp-json\/wp\/v2\/comments?post=7591"}],"version-history":[{"count":2,"href":"https:\/\/donesesglesia.cat\/wp_cde\/wp-json\/wp\/v2\/posts\/7591\/revisions"}],"predecessor-version":[{"id":7596,"href":"https:\/\/donesesglesia.cat\/wp_cde\/wp-json\/wp\/v2\/posts\/7591\/revisions\/7596"}],"wp:featuredmedia":[{"embeddable":true,"href":"https:\/\/donesesglesia.cat\/wp_cde\/wp-json\/wp\/v2\/media\/7592"}],"wp:attachment":[{"href":"https:\/\/donesesglesia.cat\/wp_cde\/wp-json\/wp\/v2\/media?parent=7591"}],"wp:term":[{"taxonomy":"category","embeddable":true,"href":"https:\/\/donesesglesia.cat\/wp_cde\/wp-json\/wp\/v2\/categories?post=7591"},{"taxonomy":"post_tag","embeddable":true,"href":"https:\/\/donesesglesia.cat\/wp_cde\/wp-json\/wp\/v2\/tags?post=7591"}],"curies":[{"name":"wp","href":"https:\/\/api.w.org\/{rel}","templated":true}]}}