{"id":7551,"date":"2022-11-17T20:14:09","date_gmt":"2022-11-17T19:14:09","guid":{"rendered":"http:\/\/donesesglesia.cat\/wp_cde\/?p=7551"},"modified":"2022-11-17T20:14:30","modified_gmt":"2022-11-17T19:14:30","slug":"presentacio-del-llibre-revuelta-de-las-mujeres-en-la-iglesia","status":"publish","type":"post","link":"https:\/\/donesesglesia.cat\/wp_cde\/presentacio-del-llibre-revuelta-de-las-mujeres-en-la-iglesia\/","title":{"rendered":"Presentaci\u00f3 del llibre &#8220;Revuelta de las mujeres en la Iglesia&#8221;"},"content":{"rendered":"<h4>Divendres 18 de novembre<br \/>\nPresentaci\u00f3 del llibre \u201cREVUELTA DE MUJERES EN LA IGLESIA-ALZAMOS LA VOZ\u201d<\/h4>\n<p>El proper divendres\u00a0<b>18 de novembre a les 19h a la sala d\u2019actes del centre Cristianisme\u00a0i Just\u00edcia<\/b>\u00a0de Barcelona, C. Roger de Ll\u00faria\u00a013.<\/p>\n<p>El llibre ha sortit a la llum aquest mes de setembre i recull la informaci\u00f3 d\u2019aquest moviment, les dones creients i feministes d\u2019arreu, que cerca canviar l\u2019Esgl\u00e9sia per a que sigui veritable casa d\u2019igualtat i respecte per a tothom, i aix\u00ed tamb\u00e9 canviar la Hist\u00f2ria.<\/p>\n<p>Compatirem la presentaci\u00f3 amb algunes de dones de l\u2019equip gestor i autores: Pili Calle Humanes, Mercedes L. Herrera, Silvia\u00a0Mart\u00ednez Cano, Pepa Mole\u00f3n Caro, Mabel Ruiz Ruiz, Pepa Torres P\u00e9rez i Marisa Vidal Collazo.<\/p>\n<p><a href=\"http:\/\/donesesglesia.cat\/wp_cde\/wp-content\/uploads\/2022\/11\/revuelta-mujeres-iglesia.jpg\"><img loading=\"lazy\" decoding=\"async\" class=\"aligncenter  wp-image-7552\" src=\"http:\/\/donesesglesia.cat\/wp_cde\/wp-content\/uploads\/2022\/11\/revuelta-mujeres-iglesia.jpg\" alt=\"\" width=\"960\" height=\"1243\" srcset=\"https:\/\/donesesglesia.cat\/wp_cde\/wp-content\/uploads\/2022\/11\/revuelta-mujeres-iglesia.jpg 1236w, https:\/\/donesesglesia.cat\/wp_cde\/wp-content\/uploads\/2022\/11\/revuelta-mujeres-iglesia-232x300.jpg 232w, https:\/\/donesesglesia.cat\/wp_cde\/wp-content\/uploads\/2022\/11\/revuelta-mujeres-iglesia-791x1024.jpg 791w, https:\/\/donesesglesia.cat\/wp_cde\/wp-content\/uploads\/2022\/11\/revuelta-mujeres-iglesia-768x994.jpg 768w, https:\/\/donesesglesia.cat\/wp_cde\/wp-content\/uploads\/2022\/11\/revuelta-mujeres-iglesia-1187x1536.jpg 1187w\" sizes=\"auto, (max-width: 960px) 100vw, 960px\" \/><\/a><\/p>\n","protected":false},"excerpt":{"rendered":"<p>Divendres 18 de novembre Presentaci\u00f3 del llibre \u201cREVUELTA DE MUJERES EN LA IGLESIA-ALZAMOS LA VOZ\u201d El proper divendres\u00a018 de novembre a les 19h a la sala d\u2019actes del centre Cristianisme\u00a0i [&hellip;]<\/p>\n","protected":false},"author":1,"featured_media":7554,"comment_status":"closed","ping_status":"closed","sticky":false,"template":"","format":"standard","meta":{"footnotes":""},"categories":[13,5],"tags":[],"class_list":["post-7551","post","type-post","status-publish","format-standard","has-post-thumbnail","hentry","category-activitats-recomanades","category-noticies"],"_links":{"self":[{"href":"https:\/\/donesesglesia.cat\/wp_cde\/wp-json\/wp\/v2\/posts\/7551","targetHints":{"allow":["GET"]}}],"collection":[{"href":"https:\/\/donesesglesia.cat\/wp_cde\/wp-json\/wp\/v2\/posts"}],"about":[{"href":"https:\/\/donesesglesia.cat\/wp_cde\/wp-json\/wp\/v2\/types\/post"}],"author":[{"embeddable":true,"href":"https:\/\/donesesglesia.cat\/wp_cde\/wp-json\/wp\/v2\/users\/1"}],"replies":[{"embeddable":true,"href":"https:\/\/donesesglesia.cat\/wp_cde\/wp-json\/wp\/v2\/comments?post=7551"}],"version-history":[{"count":2,"href":"https:\/\/donesesglesia.cat\/wp_cde\/wp-json\/wp\/v2\/posts\/7551\/revisions"}],"predecessor-version":[{"id":7555,"href":"https:\/\/donesesglesia.cat\/wp_cde\/wp-json\/wp\/v2\/posts\/7551\/revisions\/7555"}],"wp:featuredmedia":[{"embeddable":true,"href":"https:\/\/donesesglesia.cat\/wp_cde\/wp-json\/wp\/v2\/media\/7554"}],"wp:attachment":[{"href":"https:\/\/donesesglesia.cat\/wp_cde\/wp-json\/wp\/v2\/media?parent=7551"}],"wp:term":[{"taxonomy":"category","embeddable":true,"href":"https:\/\/donesesglesia.cat\/wp_cde\/wp-json\/wp\/v2\/categories?post=7551"},{"taxonomy":"post_tag","embeddable":true,"href":"https:\/\/donesesglesia.cat\/wp_cde\/wp-json\/wp\/v2\/tags?post=7551"}],"curies":[{"name":"wp","href":"https:\/\/api.w.org\/{rel}","templated":true}]}}