{"id":7532,"date":"2022-10-07T18:43:03","date_gmt":"2022-10-07T16:43:03","guid":{"rendered":"http:\/\/donesesglesia.cat\/wp_cde\/?p=7532"},"modified":"2022-10-07T18:43:03","modified_gmt":"2022-10-07T16:43:03","slug":"jornada-art-espiritualitat-i-pau","status":"publish","type":"post","link":"https:\/\/donesesglesia.cat\/wp_cde\/jornada-art-espiritualitat-i-pau\/","title":{"rendered":"Jornada &#8220;Art, espiritualitat i pau&#8221;"},"content":{"rendered":"<h3>4a Jornada de la Xarxa Interreligiosa per la pau<\/h3>\n<p>Dissabte 22 d&#8217;octubre de 2022<br \/>\nDe 9.30 a 13 h<br \/>\nSantuari Sant Josep de la Muntanya<\/p>\n<h4>L&#8217;objectiu d\u2019aquesta quarta jornada \u00e9s avan\u00e7ar conjuntament, amb un llenguatge com\u00fa, en la percepci\u00f3 i l\u2019experi\u00e8ncia que l\u2019Art pot ser un vehicle, a l\u2019abast de tothom, per superar els l\u00edmits que ens constrenyen i experimentar una via que ens pot aportar llum i pau en la nostra traject\u00f2ria espiritual.<\/h4>\n<p><a href=\"http:\/\/donesesglesia.cat\/wp_cde\/wp-content\/uploads\/2022\/10\/4jornadaXIP.jpg\"><img loading=\"lazy\" decoding=\"async\" class=\"aligncenter  wp-image-7534\" src=\"http:\/\/donesesglesia.cat\/wp_cde\/wp-content\/uploads\/2022\/10\/4jornadaXIP.jpg\" alt=\"\" width=\"841\" height=\"1189\" srcset=\"https:\/\/donesesglesia.cat\/wp_cde\/wp-content\/uploads\/2022\/10\/4jornadaXIP.jpg 1240w, https:\/\/donesesglesia.cat\/wp_cde\/wp-content\/uploads\/2022\/10\/4jornadaXIP-212x300.jpg 212w, https:\/\/donesesglesia.cat\/wp_cde\/wp-content\/uploads\/2022\/10\/4jornadaXIP-724x1024.jpg 724w, https:\/\/donesesglesia.cat\/wp_cde\/wp-content\/uploads\/2022\/10\/4jornadaXIP-768x1086.jpg 768w, https:\/\/donesesglesia.cat\/wp_cde\/wp-content\/uploads\/2022\/10\/4jornadaXIP-1087x1536.jpg 1087w\" sizes=\"auto, (max-width: 841px) 100vw, 841px\" \/><\/a><\/p>\n<p>&nbsp;<\/p>\n","protected":false},"excerpt":{"rendered":"<p>4a Jornada de la Xarxa Interreligiosa per la pau Dissabte 22 d&#8217;octubre de 2022 De 9.30 a 13 h Santuari Sant Josep de la Muntanya L&#8217;objectiu d\u2019aquesta quarta jornada \u00e9s [&hellip;]<\/p>\n","protected":false},"author":1,"featured_media":7533,"comment_status":"closed","ping_status":"closed","sticky":false,"template":"","format":"standard","meta":{"footnotes":""},"categories":[13,5],"tags":[],"class_list":["post-7532","post","type-post","status-publish","format-standard","has-post-thumbnail","hentry","category-activitats-recomanades","category-noticies"],"_links":{"self":[{"href":"https:\/\/donesesglesia.cat\/wp_cde\/wp-json\/wp\/v2\/posts\/7532","targetHints":{"allow":["GET"]}}],"collection":[{"href":"https:\/\/donesesglesia.cat\/wp_cde\/wp-json\/wp\/v2\/posts"}],"about":[{"href":"https:\/\/donesesglesia.cat\/wp_cde\/wp-json\/wp\/v2\/types\/post"}],"author":[{"embeddable":true,"href":"https:\/\/donesesglesia.cat\/wp_cde\/wp-json\/wp\/v2\/users\/1"}],"replies":[{"embeddable":true,"href":"https:\/\/donesesglesia.cat\/wp_cde\/wp-json\/wp\/v2\/comments?post=7532"}],"version-history":[{"count":2,"href":"https:\/\/donesesglesia.cat\/wp_cde\/wp-json\/wp\/v2\/posts\/7532\/revisions"}],"predecessor-version":[{"id":7536,"href":"https:\/\/donesesglesia.cat\/wp_cde\/wp-json\/wp\/v2\/posts\/7532\/revisions\/7536"}],"wp:featuredmedia":[{"embeddable":true,"href":"https:\/\/donesesglesia.cat\/wp_cde\/wp-json\/wp\/v2\/media\/7533"}],"wp:attachment":[{"href":"https:\/\/donesesglesia.cat\/wp_cde\/wp-json\/wp\/v2\/media?parent=7532"}],"wp:term":[{"taxonomy":"category","embeddable":true,"href":"https:\/\/donesesglesia.cat\/wp_cde\/wp-json\/wp\/v2\/categories?post=7532"},{"taxonomy":"post_tag","embeddable":true,"href":"https:\/\/donesesglesia.cat\/wp_cde\/wp-json\/wp\/v2\/tags?post=7532"}],"curies":[{"name":"wp","href":"https:\/\/api.w.org\/{rel}","templated":true}]}}