{"id":7498,"date":"2022-07-08T18:03:45","date_gmt":"2022-07-08T16:03:45","guid":{"rendered":"http:\/\/donesesglesia.cat\/wp_cde\/?p=7498"},"modified":"2022-07-08T18:03:45","modified_gmt":"2022-07-08T16:03:45","slug":"rosa-fabregat-premi-nacional-de-cultura-2022","status":"publish","type":"post","link":"https:\/\/donesesglesia.cat\/wp_cde\/rosa-fabregat-premi-nacional-de-cultura-2022\/","title":{"rendered":"Rosa Fabregat, Premi Nacional de Cultura 2022"},"content":{"rendered":"<h3>El Consell Nacional de la Cultura i de les Arts (CoNCA) va recon\u00e8ixer, el passat divendres 27 de maig, la llarga i fecunda traject\u00f2ria de la cerverina Rosa Fabregat en el m\u00f3n de l&#8217;escriptura.<\/h3>\n<p><a href=\"http:\/\/donesesglesia.cat\/wp_cde\/wp-content\/uploads\/2022\/07\/fabregat_rosa.jpg\"><img loading=\"lazy\" decoding=\"async\" class=\"aligncenter size-full wp-image-7499\" src=\"http:\/\/donesesglesia.cat\/wp_cde\/wp-content\/uploads\/2022\/07\/fabregat_rosa.jpg\" alt=\"\" width=\"960\" height=\"360\" srcset=\"https:\/\/donesesglesia.cat\/wp_cde\/wp-content\/uploads\/2022\/07\/fabregat_rosa.jpg 960w, https:\/\/donesesglesia.cat\/wp_cde\/wp-content\/uploads\/2022\/07\/fabregat_rosa-300x113.jpg 300w, https:\/\/donesesglesia.cat\/wp_cde\/wp-content\/uploads\/2022\/07\/fabregat_rosa-768x288.jpg 768w\" sizes=\"auto, (max-width: 960px) 100vw, 960px\" \/><\/a><\/p>\n<p>&nbsp;<\/p>\n<h4>El passat mes de maig li van donar el premi nacional de cultura a la nostra companya Rosa Fabregat, s\u00f2cia del CDE, i aquestes s\u00f3n les nostres paraules de felicitaci\u00f3 i la seva resposta:<\/h4>\n<blockquote>\n<p><strong>Estimada Rosa<\/strong>: En nom de la M.Pau, la Piua i el meu i en representaci\u00f3 de tot el Col.lectiu de Dones en l&#8217;Esgl\u00e9sia per la Paritat, et felicitem pel premi Nacional de Cultura d&#8217;enguany i ens unim a tu tant en la demanda de l&#8217;abolici\u00f3 del celibat com de l&#8217;ordenaci\u00f3 de les dones! I cridem ben fort amb tu: Visca Catalunya Lliure i Feminista!<\/p>\n<p><strong>Resposta<\/strong>: Estimades amigues del \u00a0Col.lectiu de Dones en l\u2019Esgl\u00e9sia, Visca Catalunya Lliure i Feminista.<\/p>\n<p>Amigues \u00a0meves una gran abra\u00e7ada. <strong>Rosa<\/strong>.<\/p>\n<\/blockquote>\n<h3>Rosa Fabregat (Cervera, 1933)<\/h3>\n<p>Premi Nacional de Cultura per la seva llarga traject\u00f2ria liter\u00e0ria i de comprom\u00eds cultural des que va comen\u00e7ar a escriure als 14 anys. Ha conreat sobretot la poesia, per\u00f2 tamb\u00e9 la novel\u00b7la i l\u2019assaig, des de llocs innovadors per a la seva generaci\u00f3, com ara la ci\u00e8ncia-ficci\u00f3 i el feminisme. La seva traject\u00f2ria liter\u00e0ria \u00e9s constant i perllongada, sempre atenta a la problem\u00e0tica contempor\u00e0nia, sense renunciar a la confrontaci\u00f3 entre realitat i la interpretaci\u00f3 l\u00edrica. Combina la seva vocaci\u00f3 liter\u00e0ria amb la vocaci\u00f3 cient\u00edfica. \u00c9s doctora en farm\u00e0cia i fou la primera presidenta de la Societat Catalana de Ci\u00e8ncia-ficci\u00f3 i Fantasia.<\/p>\n<p><strong>Rosa Fabregat<\/strong>. Escriptora, doctora en Farm\u00e0cia, i acad\u00e8mica de la Reial Acad\u00e8mia de Farm\u00e0cia de Catalunya. Des de la publicaci\u00f3 del seu primer llibre, Estelles (1979), amb qu\u00e8 va obtenir el Premi Vila de Martorell de poesia (1978), ha desenvolupat una intensa activitat creativa, po\u00e8tica i narrativa, que ha compaginat amb la col\u00b7laboraci\u00f3 en publicacions peri\u00f2diques. El conjunt de la seva producci\u00f3 engloba 8 novel\u00b7les, i 20 llibres de poesia, aplegats en els volums <em>La temptaci\u00f3 de vol. Obra po\u00e8tica (1994 -2011)<\/em> (2012) i <em>Ancorada en la boira. Obra po\u00e8tica (1953 \u2013 1993)<\/em> (2013), el recull de narracions <em>Tots els contes de Rosa Fabregat<\/em> (2009) i l\u2019estudi <em>Aproximaci\u00f3 a les farm\u00e0cies de la ciutat de Lleida en la primera meitat del segle XX<\/em> (2001). La seva traject\u00f2ria intel\u00b7lectual ha estat reconeguda per la Generalitat de Catalunya amb la Creu de Sant Jordi (2017) i alguns dels seus poemes han estat tradu\u00efts a lleng\u00fces com l\u2019alemany, el castell\u00e0, el rus i l\u2019angl\u00e8s. Tamb\u00e9 ha rebut el Premi Sikarra (de la seva comarca d\u2019origen la Segarra), la Medalla d\u2019Or de l\u2019Institut Medicofarmac\u00e8utic de Catalunya, la medalla al m\u00e8rit cultural de la Paeria de Lleida, i el reconeixement de filla predilecta de Cervera.<\/p>\n<h3>Enlla\u00e7os<\/h3>\n<p><a href=\"https:\/\/conca.gencat.cat\/ca\/ambits-dactuacio\/premis-nacionals-de-cultura\/premis-2022\/\" target=\"_blank\" rel=\"noopener noreferrer\">Premis Nacionals de Cultura 2022 (CoNCA)<\/a><\/p>\n<p><a href=\"https:\/\/www.vilaweb.cat\/noticies\/visca-catalunya-lliure-i-feminista\/\" target=\"_blank\" rel=\"noopener noreferrer\">\u201cVisca Catalunya lliure i feminista\u201d (Vilaweb)<\/a><\/p>\n<p><a href=\"https:\/\/www.territoris.cat\/articulo\/la-panoramica\/rosa-fabregat\/20220530111820083302.html\" target=\"_blank\" rel=\"noopener noreferrer\">Rosa Fabregat, Premi Nacional de Cultura 2022 (Territoris.cat)<\/a><\/p>\n","protected":false},"excerpt":{"rendered":"<p>El Consell Nacional de la Cultura i de les Arts (CoNCA) va recon\u00e8ixer, el passat divendres 27 de maig, la llarga i fecunda traject\u00f2ria de la cerverina Rosa Fabregat en [&hellip;]<\/p>\n","protected":false},"author":1,"featured_media":7499,"comment_status":"closed","ping_status":"closed","sticky":false,"template":"","format":"standard","meta":{"footnotes":""},"categories":[5],"tags":[],"class_list":["post-7498","post","type-post","status-publish","format-standard","has-post-thumbnail","hentry","category-noticies"],"_links":{"self":[{"href":"https:\/\/donesesglesia.cat\/wp_cde\/wp-json\/wp\/v2\/posts\/7498","targetHints":{"allow":["GET"]}}],"collection":[{"href":"https:\/\/donesesglesia.cat\/wp_cde\/wp-json\/wp\/v2\/posts"}],"about":[{"href":"https:\/\/donesesglesia.cat\/wp_cde\/wp-json\/wp\/v2\/types\/post"}],"author":[{"embeddable":true,"href":"https:\/\/donesesglesia.cat\/wp_cde\/wp-json\/wp\/v2\/users\/1"}],"replies":[{"embeddable":true,"href":"https:\/\/donesesglesia.cat\/wp_cde\/wp-json\/wp\/v2\/comments?post=7498"}],"version-history":[{"count":4,"href":"https:\/\/donesesglesia.cat\/wp_cde\/wp-json\/wp\/v2\/posts\/7498\/revisions"}],"predecessor-version":[{"id":7503,"href":"https:\/\/donesesglesia.cat\/wp_cde\/wp-json\/wp\/v2\/posts\/7498\/revisions\/7503"}],"wp:featuredmedia":[{"embeddable":true,"href":"https:\/\/donesesglesia.cat\/wp_cde\/wp-json\/wp\/v2\/media\/7499"}],"wp:attachment":[{"href":"https:\/\/donesesglesia.cat\/wp_cde\/wp-json\/wp\/v2\/media?parent=7498"}],"wp:term":[{"taxonomy":"category","embeddable":true,"href":"https:\/\/donesesglesia.cat\/wp_cde\/wp-json\/wp\/v2\/categories?post=7498"},{"taxonomy":"post_tag","embeddable":true,"href":"https:\/\/donesesglesia.cat\/wp_cde\/wp-json\/wp\/v2\/tags?post=7498"}],"curies":[{"name":"wp","href":"https:\/\/api.w.org\/{rel}","templated":true}]}}