{"id":7490,"date":"2022-07-08T17:21:37","date_gmt":"2022-07-08T15:21:37","guid":{"rendered":"http:\/\/donesesglesia.cat\/wp_cde\/?p=7490"},"modified":"2022-07-08T17:21:37","modified_gmt":"2022-07-08T15:21:37","slug":"compromesos-amb-un-nosaltres-cada-vegada-mes-gran","status":"publish","type":"post","link":"https:\/\/donesesglesia.cat\/wp_cde\/compromesos-amb-un-nosaltres-cada-vegada-mes-gran\/","title":{"rendered":"Compromesos amb un \u00abnosaltres cada vegada m\u00e9s gran\u00bb"},"content":{"rendered":"<h3>La Plataforma d\u2019entitats cristianes amb els immigrants presenta el treball realitzat durant el curs<\/h3>\n<p><a href=\"http:\/\/donesesglesia.cat\/wp_cde\/wp-content\/uploads\/2022\/07\/plataforma-immigrants.jpg\"><img loading=\"lazy\" decoding=\"async\" class=\"aligncenter size-full wp-image-7493\" src=\"http:\/\/donesesglesia.cat\/wp_cde\/wp-content\/uploads\/2022\/07\/plataforma-immigrants.jpg\" alt=\"\" width=\"960\" height=\"360\" srcset=\"https:\/\/donesesglesia.cat\/wp_cde\/wp-content\/uploads\/2022\/07\/plataforma-immigrants.jpg 960w, https:\/\/donesesglesia.cat\/wp_cde\/wp-content\/uploads\/2022\/07\/plataforma-immigrants-300x113.jpg 300w, https:\/\/donesesglesia.cat\/wp_cde\/wp-content\/uploads\/2022\/07\/plataforma-immigrants-768x288.jpg 768w\" sizes=\"auto, (max-width: 960px) 100vw, 960px\" \/><\/a><\/p>\n<p>La <a href=\"https:\/\/acocat.org\" target=\"_blank\" rel=\"noopener noreferrer\">Plataforma d\u2019entitats cristianes amb els immigrants<\/a>, de la qual l\u2019ACO forma part, ha fet p\u00fablic el document de <a href=\"https:\/\/acocat.org\/sites\/default\/files\/conclusions_plataforma_curs_22_23.pdf\" target=\"_blank\" rel=\"noopener noreferrer\">Conclusions del treball del curs 2021-2022<\/a> i que vol ser un comprom\u00eds de les entitats en la lluita contra el racisme com a pas necessari per a construir\u00a0<em>un nosaltres cada vegada m\u00e9s gran<\/em>.\u00a0\u00abEls fets esdevinguts fa uns dies a Melilla, per\u00f2 tamb\u00e9 el que veiem al Centre d&#8217;Internament d&#8217;estrangers, en algunes presons i als carrers del nostre pa\u00eds, ens confirmen en la necessitat d&#8217;aquest comprom\u00eds\u00bb, argumenten des de la Plataforma.\u00a0<\/p>\n<p>Aquest comprom\u00eds passa per la lluita contra el racisme i tota forma de discriminaci\u00f3; el treball colze a colze amb les entitats d\u2019autogesti\u00f3 creades per les pr\u00f2pies persones migrants; el canvi de mirada que canvi\u00ef tamb\u00e9 les nostres organitzacions.\u00a0\u00abEns hi juguem el tenir una societat hospital\u00e0ria i fraternal on la conviv\u00e8ncia sigui possible, o b\u00e9 una societat hostil, desigual i fratricida. En aix\u00f2 seguirem treballant dia a dia i des de baix\u00bb, conclouen des de la Plataforma.<\/p>\n<p>A l\u2019enlla\u00e7 podeu consultar el document amb les conclusions.<\/p>\n<p><img decoding=\"async\" class=\"file-icon\" title=\"application\/pdf\" src=\"https:\/\/acocat.org\/modules\/file\/icons\/application-pdf.png\" alt=\"PDF icon\" \/> <a title=\"conclusions_plataforma_curs_22_23.pdf\" href=\"https:\/\/acocat.org\/sites\/default\/files\/conclusions_plataforma_curs_22_23.pdf\" target=\"_blank\" rel=\"noopener noreferrer\" type=\"application\/pdf; length=741698\">Conclusions curs 2021-2022 Plataforma d&#8217;entitats cristianes amb els immigrants<\/a><\/p>\n<h4>Nota de premsa<\/h4>\n<blockquote>\n<p>La massacre de desenes de persones esdevinguda davant la tanca de Melilla ens reafirma en la necessitat de seguir treballant, dia a dia, incansablement en la construccio\u0301 d\u2019una societat on totes les persones hi puguin conviure sigui quin sigui el seu origen, sigui quin sigui el color de la seva pell. I ens comprometem a fer-ho des de la base de les nostres entitats, comunitats i parro\u0300quies que conformem la Plataforma d\u2019entitats cristianes amb les persones migrants.<\/p>\n<p>La mort de les gairebe\u0301 50 persones a la tanca de Melilla, e\u0301s un episodi me\u0301s del racisme que impregna les nostres poli\u0301tiques migrato\u0300ries. Les persones que hi van morir eren en la seva majoria, persones que fugien del Txad i del Sudan, pai\u0308sos amb greus conflictes. Eren per tant, persones que segurament haguessin pogut aspirar a ser reconegudes com a refugiades pero\u0300 que enlloc d\u2019aixo\u0300 es van trobar atrapades entre una tanca i els cossos de seguretat de la policia marroquina. L\u2019externalitzacio\u0301 de les fronteres que esta\u0300 duent Europa e\u0301s la ma\u0300xima expressio\u0301 d\u2019aquest racisme institucional.<\/p>\n<p>E\u0301s per aixo\u0300, que ens reafirmem en el compromi\u0301s de construir un \u201cnosaltres cada vegada me\u0301s gran\u201d que passa per:<\/p>\n<ol>\n<li>La lluita contra el racisme i tota forma de discriminacio\u0301<\/li>\n<li>El treball colze a colze amb les entitats d\u2019autogestio\u0301 creades per les pro\u0300pies persones migrants<\/li>\n<li>El canvi de mirada que canvii\u0308 tambe\u0301 les nostres organitzacions<\/li>\n<\/ol>\n<p>Aquestes han estat les conclusions que hem recollit en el document que us adjuntem. Un compromi\u0301s que sorgeix despre\u0301s del treball realitzat en la Plataforma durant aquest curs 2021- 2022 i que intentarem seguir i projectar en els propers anys.<\/p>\n<p>Ens hi juguem el tenir una societat hospitala\u0300ria i fraternal on la convive\u0300ncia sigui possible, o be\u0301 una societat hostil, desigual i fratricida. En aixo\u0300 seguirem treballant dia a dia i des de baix.<\/p>\n<p><strong>Barcelona 5 de juliol del 2022<\/strong><\/p>\n<\/blockquote>\n","protected":false},"excerpt":{"rendered":"<p>La Plataforma d\u2019entitats cristianes amb els immigrants presenta el treball realitzat durant el curs La Plataforma d\u2019entitats cristianes amb els immigrants, de la qual l\u2019ACO forma part, ha fet p\u00fablic [&hellip;]<\/p>\n","protected":false},"author":1,"featured_media":7493,"comment_status":"closed","ping_status":"closed","sticky":false,"template":"","format":"standard","meta":{"footnotes":""},"categories":[5],"tags":[],"class_list":["post-7490","post","type-post","status-publish","format-standard","has-post-thumbnail","hentry","category-noticies"],"_links":{"self":[{"href":"https:\/\/donesesglesia.cat\/wp_cde\/wp-json\/wp\/v2\/posts\/7490","targetHints":{"allow":["GET"]}}],"collection":[{"href":"https:\/\/donesesglesia.cat\/wp_cde\/wp-json\/wp\/v2\/posts"}],"about":[{"href":"https:\/\/donesesglesia.cat\/wp_cde\/wp-json\/wp\/v2\/types\/post"}],"author":[{"embeddable":true,"href":"https:\/\/donesesglesia.cat\/wp_cde\/wp-json\/wp\/v2\/users\/1"}],"replies":[{"embeddable":true,"href":"https:\/\/donesesglesia.cat\/wp_cde\/wp-json\/wp\/v2\/comments?post=7490"}],"version-history":[{"count":4,"href":"https:\/\/donesesglesia.cat\/wp_cde\/wp-json\/wp\/v2\/posts\/7490\/revisions"}],"predecessor-version":[{"id":7495,"href":"https:\/\/donesesglesia.cat\/wp_cde\/wp-json\/wp\/v2\/posts\/7490\/revisions\/7495"}],"wp:featuredmedia":[{"embeddable":true,"href":"https:\/\/donesesglesia.cat\/wp_cde\/wp-json\/wp\/v2\/media\/7493"}],"wp:attachment":[{"href":"https:\/\/donesesglesia.cat\/wp_cde\/wp-json\/wp\/v2\/media?parent=7490"}],"wp:term":[{"taxonomy":"category","embeddable":true,"href":"https:\/\/donesesglesia.cat\/wp_cde\/wp-json\/wp\/v2\/categories?post=7490"},{"taxonomy":"post_tag","embeddable":true,"href":"https:\/\/donesesglesia.cat\/wp_cde\/wp-json\/wp\/v2\/tags?post=7490"}],"curies":[{"name":"wp","href":"https:\/\/api.w.org\/{rel}","templated":true}]}}