{"id":7464,"date":"2022-05-15T11:23:57","date_gmt":"2022-05-15T09:23:57","guid":{"rendered":"http:\/\/donesesglesia.cat\/wp_cde\/?p=7464"},"modified":"2022-05-15T11:23:57","modified_gmt":"2022-05-15T09:23:57","slug":"comiat-de-maria-antonia-canals","status":"publish","type":"post","link":"https:\/\/donesesglesia.cat\/wp_cde\/comiat-de-maria-antonia-canals\/","title":{"rendered":"Comiat de Maria Ant\u00f2nia Canals"},"content":{"rendered":"<div id=\"attachment_7468\" style=\"width: 306px\" class=\"wp-caption alignright\"><a href=\"https:\/\/twitter.com\/druizaguilera\/status\/1520136805923885056?ref_src=twsrc%5Etfw%7Ctwcamp%5Etweetembed%7Ctwterm%5E1520136805923885056%7Ctwgr%5E%7Ctwcon%5Es1_&amp;ref_url=https%3A%2F%2Fwww.ccma.cat%2F324%2Fmor-maria-antonia-canals-referent-de-la-renovacio-pedagogica-als-91-anys%2Fnoticia%2F3161278%2F\" target=\"_blank\" rel=\"noopener noreferrer\"><img loading=\"lazy\" decoding=\"async\" aria-describedby=\"caption-attachment-7468\" class=\"wp-image-7468\" src=\"http:\/\/donesesglesia.cat\/wp_cde\/wp-content\/uploads\/2022\/05\/canals_m.antonia.jpg\" alt=\"\" width=\"296\" height=\"394\" srcset=\"https:\/\/donesesglesia.cat\/wp_cde\/wp-content\/uploads\/2022\/05\/canals_m.antonia.jpg 768w, https:\/\/donesesglesia.cat\/wp_cde\/wp-content\/uploads\/2022\/05\/canals_m.antonia-225x300.jpg 225w\" sizes=\"auto, (max-width: 296px) 100vw, 296px\" \/><\/a><p id=\"caption-attachment-7468\" class=\"wp-caption-text\">Fotografia de Daniel Ruiz Aguilera<\/p><\/div>\n<h3>Us oferim els materials del comiat de la nostra companya M. Ant\u00f2nia Canals i Tolosa, que va morir el 29 d&#8217;abril del 2022.<\/h3>\n<h3>La M. Ant\u00f2nia era matem\u00e0tica i pedagoga, un dels referents de la did\u00e0ctica de les matem\u00e0tiques i de la renovaci\u00f3 pedag\u00f2gica a Catalunya, i era membre del Col\u00b7lectiu de Dones en l&#8217;Esgl\u00e9sia a la delegaci\u00f3 de Girona fins al moment de la seva mort.<\/h3>\n<p>&nbsp;<\/p>\n<p>&nbsp;<\/p>\n<p>&nbsp;<\/p>\n<h4>Text del comiat, que la mateixa M. Ant\u00f2nia va escollir pel seu funeral. <br \/>\nExtret de J.A.Pagola: <em>El Cam\u00ed Obert per Jes\u00fas<\/em> (Editorial Claret, 2013)<\/h4>\n<p><a href=\"http:\/\/donesesglesia.cat\/wp_cde\/wp-content\/uploads\/2022\/05\/canals_m.antonia_comiat.jpg\"><img loading=\"lazy\" decoding=\"async\" class=\"aligncenter size-full wp-image-7472\" src=\"http:\/\/donesesglesia.cat\/wp_cde\/wp-content\/uploads\/2022\/05\/canals_m.antonia_comiat.jpg\" alt=\"\" width=\"1400\" height=\"980\" srcset=\"https:\/\/donesesglesia.cat\/wp_cde\/wp-content\/uploads\/2022\/05\/canals_m.antonia_comiat.jpg 1400w, https:\/\/donesesglesia.cat\/wp_cde\/wp-content\/uploads\/2022\/05\/canals_m.antonia_comiat-300x210.jpg 300w, https:\/\/donesesglesia.cat\/wp_cde\/wp-content\/uploads\/2022\/05\/canals_m.antonia_comiat-1024x717.jpg 1024w, https:\/\/donesesglesia.cat\/wp_cde\/wp-content\/uploads\/2022\/05\/canals_m.antonia_comiat-768x538.jpg 768w\" sizes=\"auto, (max-width: 1400px) 100vw, 1400px\" \/><\/a><\/p>\n<h4>Can\u00e7\u00f3 cantada en el comiat, amb lletra de M.Ant\u00f2nia Canals i la m\u00fasica de &#8220;La vall del riu vermell&#8221;.<\/h4>\n<p><a href=\"http:\/\/donesesglesia.cat\/wp_cde\/wp-content\/uploads\/2022\/05\/canals_m.antonia_recordatori.jpg\"><img loading=\"lazy\" decoding=\"async\" class=\"aligncenter size-full wp-image-7473\" src=\"http:\/\/donesesglesia.cat\/wp_cde\/wp-content\/uploads\/2022\/05\/canals_m.antonia_recordatori.jpg\" alt=\"\" width=\"922\" height=\"680\" srcset=\"https:\/\/donesesglesia.cat\/wp_cde\/wp-content\/uploads\/2022\/05\/canals_m.antonia_recordatori.jpg 922w, https:\/\/donesesglesia.cat\/wp_cde\/wp-content\/uploads\/2022\/05\/canals_m.antonia_recordatori-300x221.jpg 300w, https:\/\/donesesglesia.cat\/wp_cde\/wp-content\/uploads\/2022\/05\/canals_m.antonia_recordatori-768x566.jpg 768w\" sizes=\"auto, (max-width: 922px) 100vw, 922px\" \/><\/a><\/p>\n","protected":false},"excerpt":{"rendered":"<p>Us oferim els materials del comiat de la nostra companya M. Ant\u00f2nia Canals i Tolosa, que va morir el 29 d&#8217;abril del 2022. La M. Ant\u00f2nia era matem\u00e0tica i pedagoga, [&hellip;]<\/p>\n","protected":false},"author":1,"featured_media":7466,"comment_status":"closed","ping_status":"closed","sticky":false,"template":"","format":"standard","meta":{"footnotes":""},"categories":[5],"tags":[],"class_list":["post-7464","post","type-post","status-publish","format-standard","has-post-thumbnail","hentry","category-noticies"],"_links":{"self":[{"href":"https:\/\/donesesglesia.cat\/wp_cde\/wp-json\/wp\/v2\/posts\/7464","targetHints":{"allow":["GET"]}}],"collection":[{"href":"https:\/\/donesesglesia.cat\/wp_cde\/wp-json\/wp\/v2\/posts"}],"about":[{"href":"https:\/\/donesesglesia.cat\/wp_cde\/wp-json\/wp\/v2\/types\/post"}],"author":[{"embeddable":true,"href":"https:\/\/donesesglesia.cat\/wp_cde\/wp-json\/wp\/v2\/users\/1"}],"replies":[{"embeddable":true,"href":"https:\/\/donesesglesia.cat\/wp_cde\/wp-json\/wp\/v2\/comments?post=7464"}],"version-history":[{"count":8,"href":"https:\/\/donesesglesia.cat\/wp_cde\/wp-json\/wp\/v2\/posts\/7464\/revisions"}],"predecessor-version":[{"id":7478,"href":"https:\/\/donesesglesia.cat\/wp_cde\/wp-json\/wp\/v2\/posts\/7464\/revisions\/7478"}],"wp:featuredmedia":[{"embeddable":true,"href":"https:\/\/donesesglesia.cat\/wp_cde\/wp-json\/wp\/v2\/media\/7466"}],"wp:attachment":[{"href":"https:\/\/donesesglesia.cat\/wp_cde\/wp-json\/wp\/v2\/media?parent=7464"}],"wp:term":[{"taxonomy":"category","embeddable":true,"href":"https:\/\/donesesglesia.cat\/wp_cde\/wp-json\/wp\/v2\/categories?post=7464"},{"taxonomy":"post_tag","embeddable":true,"href":"https:\/\/donesesglesia.cat\/wp_cde\/wp-json\/wp\/v2\/tags?post=7464"}],"curies":[{"name":"wp","href":"https:\/\/api.w.org\/{rel}","templated":true}]}}