{"id":7457,"date":"2022-05-08T20:13:51","date_gmt":"2022-05-08T18:13:51","guid":{"rendered":"http:\/\/donesesglesia.cat\/wp_cde\/?p=7457"},"modified":"2022-05-08T20:19:19","modified_gmt":"2022-05-08T18:19:19","slug":"emigrar-fugint-de-la-guerra","status":"publish","type":"post","link":"https:\/\/donesesglesia.cat\/wp_cde\/emigrar-fugint-de-la-guerra\/","title":{"rendered":"Emigrar, fugint de la guerra"},"content":{"rendered":"<h2>I despu\u00e9s, que?<\/h2>\n<h4>Divendres 13 de maig, 2022, 19:30 h<br \/>\nCan Ginestar, Sala Isidor C\u00f2nsul<\/h4>\n<h4>A c\u00e0rrec de Francesc Arn\u00e0ez (C\u00e0ritas Diocesana de Sant Feliu de Llobregat)<\/h4>\n<p><a href=\"http:\/\/donesesglesia.cat\/wp_cde\/wp-content\/uploads\/2022\/05\/emigrar_caritas.jpg\"><img loading=\"lazy\" decoding=\"async\" class=\"aligncenter  wp-image-7459\" src=\"http:\/\/donesesglesia.cat\/wp_cde\/wp-content\/uploads\/2022\/05\/emigrar_caritas.jpg\" alt=\"\" width=\"556\" height=\"780\" srcset=\"https:\/\/donesesglesia.cat\/wp_cde\/wp-content\/uploads\/2022\/05\/emigrar_caritas.jpg 1140w, https:\/\/donesesglesia.cat\/wp_cde\/wp-content\/uploads\/2022\/05\/emigrar_caritas-214x300.jpg 214w, https:\/\/donesesglesia.cat\/wp_cde\/wp-content\/uploads\/2022\/05\/emigrar_caritas-730x1024.jpg 730w, https:\/\/donesesglesia.cat\/wp_cde\/wp-content\/uploads\/2022\/05\/emigrar_caritas-768x1078.jpg 768w, https:\/\/donesesglesia.cat\/wp_cde\/wp-content\/uploads\/2022\/05\/emigrar_caritas-1094x1536.jpg 1094w\" sizes=\"auto, (max-width: 556px) 100vw, 556px\" \/><\/a><\/p>\n","protected":false},"excerpt":{"rendered":"<p>I despu\u00e9s, que? Divendres 13 de maig, 2022, 19:30 h Can Ginestar, Sala Isidor C\u00f2nsul A c\u00e0rrec de Francesc Arn\u00e0ez (C\u00e0ritas Diocesana de Sant Feliu de Llobregat)<\/p>\n","protected":false},"author":1,"featured_media":7458,"comment_status":"closed","ping_status":"closed","sticky":false,"template":"","format":"standard","meta":{"footnotes":""},"categories":[18,13,5],"tags":[],"class_list":["post-7457","post","type-post","status-publish","format-standard","has-post-thumbnail","hentry","category-activitats-cde-sant-just-desvern","category-activitats-recomanades","category-noticies"],"_links":{"self":[{"href":"https:\/\/donesesglesia.cat\/wp_cde\/wp-json\/wp\/v2\/posts\/7457","targetHints":{"allow":["GET"]}}],"collection":[{"href":"https:\/\/donesesglesia.cat\/wp_cde\/wp-json\/wp\/v2\/posts"}],"about":[{"href":"https:\/\/donesesglesia.cat\/wp_cde\/wp-json\/wp\/v2\/types\/post"}],"author":[{"embeddable":true,"href":"https:\/\/donesesglesia.cat\/wp_cde\/wp-json\/wp\/v2\/users\/1"}],"replies":[{"embeddable":true,"href":"https:\/\/donesesglesia.cat\/wp_cde\/wp-json\/wp\/v2\/comments?post=7457"}],"version-history":[{"count":4,"href":"https:\/\/donesesglesia.cat\/wp_cde\/wp-json\/wp\/v2\/posts\/7457\/revisions"}],"predecessor-version":[{"id":7463,"href":"https:\/\/donesesglesia.cat\/wp_cde\/wp-json\/wp\/v2\/posts\/7457\/revisions\/7463"}],"wp:featuredmedia":[{"embeddable":true,"href":"https:\/\/donesesglesia.cat\/wp_cde\/wp-json\/wp\/v2\/media\/7458"}],"wp:attachment":[{"href":"https:\/\/donesesglesia.cat\/wp_cde\/wp-json\/wp\/v2\/media?parent=7457"}],"wp:term":[{"taxonomy":"category","embeddable":true,"href":"https:\/\/donesesglesia.cat\/wp_cde\/wp-json\/wp\/v2\/categories?post=7457"},{"taxonomy":"post_tag","embeddable":true,"href":"https:\/\/donesesglesia.cat\/wp_cde\/wp-json\/wp\/v2\/tags?post=7457"}],"curies":[{"name":"wp","href":"https:\/\/api.w.org\/{rel}","templated":true}]}}