{"id":7452,"date":"2022-04-29T18:35:02","date_gmt":"2022-04-29T16:35:02","guid":{"rendered":"http:\/\/donesesglesia.cat\/wp_cde\/?p=7452"},"modified":"2022-04-29T18:35:02","modified_gmt":"2022-04-29T16:35:02","slug":"pere-reixach-religio-i-dones","status":"publish","type":"post","link":"https:\/\/donesesglesia.cat\/wp_cde\/pere-reixach-religio-i-dones\/","title":{"rendered":"Pere Reixach: Religi\u00f3 i dones"},"content":{"rendered":"<p><a href=\"https:\/\/www.diaridegirona.cat\/opinio\/2022\/04\/25\/religio-i-dones-65349479.html\" target=\"_blank\" rel=\"noopener noreferrer\">Article publicat al Diari de Girona (25.04.2022)<\/a><\/p>\n<p>Amb dilig\u00e8ncia i encert, els responsables de la Mostra de Cinema Espiritual que se celebrar\u00e0 del 15 al 30 de novembre, han posat fil a l\u2019agulla i enguany ens ofereixen per projectar, 8 pel\u00b7l\u00edcules sobre les dones com a protagonistes del cinema espiritual i la seva aportaci\u00f3 a la humanitat; 3 pel.l\u00edcules sobre Sant Ignasi de Loiola, amb motiu dels 500 anys de la seva arribada a Catalunya; i 3 documentals, un sobre la hist\u00f2ria silenciada dels protestants, un sobre l\u2019espiritualitat sufista i finalment el tercer titulat La part dels \u00e0ngels. L\u2019oferta \u00e9s sucosa i la rebem amb temps suficient per preparar-la b\u00e9. Moltes associacions que s\u2019adhereixen a la projecci\u00f3 de la Mostra i tamb\u00e9 molts dels assistents, son gent sensibles al fet religi\u00f3s, sigui quina sigui, la tradici\u00f3 religiosa escollida. Per aquesta ra\u00f3, vull remarcar l\u2019oportunitat que ens ofereix la Mostra de Cinema Espiritual d\u2019enguany per reclamar i pressionar en favor d\u2019obtenir per a la dona, els mateixos drets que l\u2019home, en tots els \u00e0mbits de la vida familiar, laboral i social, per\u00f2 molt especialment en l\u2019\u00e0mbit religi\u00f3s que des dels inicis fundacionals totes les religions han estat i a voltes continuen amb el domini de l\u2019home sobre la dona. No \u00e9s una tasca f\u00e0cil, per\u00f2 \u00e9s urgent!<\/p>\n<p>Per aquesta ra\u00f3, em sumo al clam d\u2019urg\u00e8ncia que ha llan\u00e7at la Magda Tom\u00e0s i Ribes, del \u00abCol.lectiu de Dones en l\u2019Esgl\u00e9sia\u00bb i Creu de Sant Jordi (2011) a la revista El preg\u00f3 (601), en un article titulat. \u00abAlgun dia totes les religions hauran de demanar perd\u00f3 a les dones\u00bb.<\/p>\n<p>Em permeto fer-vos-en un tast de les principals idees i d\u2019uns textos fundacionals de les diferents religions que evidencien la misog\u00ednia soterrada del seu pensament que condiciona, conscient o inconscientment, la mentalitat i maneres d\u2019actuar que encara avui, menystenen les dones.<\/p>\n<p>Comen\u00e7a pels Cinc Cl\u00e0ssics, un dels textos b\u00e0sics dels seguidors de Confuci: \u00abLes dones s\u00f3n inferiors per naturalesa, negres com la lluna i canviants com l\u2019aigua, geloses, petites mentalment i temptadores\u00bb; el Decret de Graci\u00e0, un document de 1140: \u00abL\u2019ordre natural per a la humanitat \u00e9s que les dones serveixin als barons, i els nens, els seus pares, perqu\u00e8 \u00e9s de just\u00edcia que el que \u00e9s inferior serveixi a qui \u00e9s superior\u00bb; l\u2019Alcor\u00e0, quan col.loca els barons un escal\u00f3 per damunt de les dones, en el nombre 2.228 i en el 2.223: \u00abLes teves dones s\u00f3n per a tu terra de cultiu. Utilitza la teva terra tantes vegades com vulguis\u00bb; les Lleis de Manu (hinduisme, 100 dC): \u00abEncara que sigui poc virtu\u00f3s, cercant els seus plaers fora de la llar i estigui desposse\u00eft de bones qualitats, el marit ha de ser sempre adorat com un d\u00e9u per a la seva fidel esposa\u00bb; literatura rab\u00ednica del temps de Jes\u00fas: \u00abFora millor que la Llei desaparegu\u00e9s entre flames, abans que fos lliurada a les dones\u00bb; Luter: \u00abNo importa que morin en donar llum ja que \u00e9s per aix\u00f2 que han estat creades\u00bb; Sant Pau (Co 14.34): \u00abLes dones que callin a les assemblees ; que no els est\u00e0 perm\u00e8s prendre la paraula\u00bb.<\/p>\n<p>El 16 de juliol del 2010, La Vanguardia publicava un article sobre l\u2019Esgl\u00e9sia i la modernitat titulat \u00abCondemna al sacerdoci femen\u00ed\u00bb. I un subt\u00edtol: \u00abEl Vatic\u00e0 inclou l\u2019ordenaci\u00f3 de la dona entre els delictes m\u00e9s greus\u00bb (al mateix nivell que la peder\u00e0stia, l\u2019apostasia, l\u2019heretgia i els cisma).<\/p>\n<p>I segueix dient Magda Tom\u00e0s: \u00abAix\u00ed podr\u00edem continuar indefinidament relatant elucubracions sobre les dones, de fil\u00f2sofs, de sants ben canonitzats, de pensadors mundialment reconeguts etc.de totes les cultures i, no cal dir, de totes les religions des de l\u2019antiguitat fins als nostres dies\u00bb.<\/p>\n","protected":false},"excerpt":{"rendered":"<p>Article publicat al Diari de Girona (25.04.2022) Amb dilig\u00e8ncia i encert, els responsables de la Mostra de Cinema Espiritual que se celebrar\u00e0 del 15 al 30 de novembre, han posat [&hellip;]<\/p>\n","protected":false},"author":1,"featured_media":7453,"comment_status":"closed","ping_status":"closed","sticky":false,"template":"","format":"standard","meta":{"footnotes":""},"categories":[5],"tags":[],"class_list":["post-7452","post","type-post","status-publish","format-standard","has-post-thumbnail","hentry","category-noticies"],"_links":{"self":[{"href":"https:\/\/donesesglesia.cat\/wp_cde\/wp-json\/wp\/v2\/posts\/7452","targetHints":{"allow":["GET"]}}],"collection":[{"href":"https:\/\/donesesglesia.cat\/wp_cde\/wp-json\/wp\/v2\/posts"}],"about":[{"href":"https:\/\/donesesglesia.cat\/wp_cde\/wp-json\/wp\/v2\/types\/post"}],"author":[{"embeddable":true,"href":"https:\/\/donesesglesia.cat\/wp_cde\/wp-json\/wp\/v2\/users\/1"}],"replies":[{"embeddable":true,"href":"https:\/\/donesesglesia.cat\/wp_cde\/wp-json\/wp\/v2\/comments?post=7452"}],"version-history":[{"count":1,"href":"https:\/\/donesesglesia.cat\/wp_cde\/wp-json\/wp\/v2\/posts\/7452\/revisions"}],"predecessor-version":[{"id":7454,"href":"https:\/\/donesesglesia.cat\/wp_cde\/wp-json\/wp\/v2\/posts\/7452\/revisions\/7454"}],"wp:featuredmedia":[{"embeddable":true,"href":"https:\/\/donesesglesia.cat\/wp_cde\/wp-json\/wp\/v2\/media\/7453"}],"wp:attachment":[{"href":"https:\/\/donesesglesia.cat\/wp_cde\/wp-json\/wp\/v2\/media?parent=7452"}],"wp:term":[{"taxonomy":"category","embeddable":true,"href":"https:\/\/donesesglesia.cat\/wp_cde\/wp-json\/wp\/v2\/categories?post=7452"},{"taxonomy":"post_tag","embeddable":true,"href":"https:\/\/donesesglesia.cat\/wp_cde\/wp-json\/wp\/v2\/tags?post=7452"}],"curies":[{"name":"wp","href":"https:\/\/api.w.org\/{rel}","templated":true}]}}