{"id":7421,"date":"2022-03-28T17:37:01","date_gmt":"2022-03-28T15:37:01","guid":{"rendered":"http:\/\/donesesglesia.cat\/wp_cde\/?p=7421"},"modified":"2022-03-28T17:37:01","modified_gmt":"2022-03-28T15:37:01","slug":"grup-nostra-dona-participacio-en-el-sinode-caminar-juntes-2022","status":"publish","type":"post","link":"https:\/\/donesesglesia.cat\/wp_cde\/grup-nostra-dona-participacio-en-el-sinode-caminar-juntes-2022\/","title":{"rendered":"Grup &#8220;Nostra Dona&#8221;: participaci\u00f3 en el S\u00ednode &#8220;caminar juntes&#8221; 2022"},"content":{"rendered":"<p><b>PARTICIPEM EN EL S\u00cdNODE \u201ccaminar juntes\u201d 2022<\/b><\/p>\n<p><a href=\"http:\/\/donesesglesia.cat\/wp_cde\/wp-content\/uploads\/2022\/03\/sinode-caminar-juntes.pdf\" target=\"_blank\" rel=\"noopener noreferrer\">Text en PDF<\/a><\/p>\n<p>El Bisbat de Sant Feliu de Llobregat ha enviat a tota la Di\u00f2cesi, dues preguntes, convidant a les comunitats, parr\u00f2quies i persones de bona voluntat, a participar en el S\u00ednode convocat pel papa Francesc (2021-2023)<\/p>\n<ol>\n<li><b>Com vivim a la nostra parr\u00f2quia, grup, comunitat&#8230;<\/b> el fet de \u201ccaminar junts\u201d. Quins fets o realitats existents ens ajuden? Quins fets o realitats impedeixen o dificulten que puguem caminar junts?<\/li>\n<li><b>Quines passes ens suggereix l&#8217;Esperit per cr\u00e9ixer<\/b> en comuni\u00f3 amb els altres. A nivell de parr\u00f2quia (grups, comunitat) Algunes iniciatives o propostes que poden ajudar a cr\u00e9ixer en viure que \u201ccaminem junts\u201d.<\/li>\n<\/ol>\n<p>_______________________________________________________________________________________<\/p>\n<p><strong>PARTICIPACI\u00d3 DEL GRUP \u201cNOSTRA DONA\u201d DE SANT JUST DESVERN<\/strong><br \/>\n<strong>Adherides al CDE (Col\u00b7lectiu de Dones en l&#8217;Esgl\u00e9sia)<\/strong><\/p>\n<p><a href=\"http:\/\/donesesglesia.cat\/wp_cde\/wp-content\/uploads\/2022\/03\/sinode-2021-2023.jpg\"><img loading=\"lazy\" decoding=\"async\" class=\"alignright  wp-image-7424\" src=\"http:\/\/donesesglesia.cat\/wp_cde\/wp-content\/uploads\/2022\/03\/sinode-2021-2023.jpg\" alt=\"\" width=\"450\" height=\"348\" srcset=\"https:\/\/donesesglesia.cat\/wp_cde\/wp-content\/uploads\/2022\/03\/sinode-2021-2023.jpg 1164w, https:\/\/donesesglesia.cat\/wp_cde\/wp-content\/uploads\/2022\/03\/sinode-2021-2023-300x232.jpg 300w, https:\/\/donesesglesia.cat\/wp_cde\/wp-content\/uploads\/2022\/03\/sinode-2021-2023-1024x792.jpg 1024w, https:\/\/donesesglesia.cat\/wp_cde\/wp-content\/uploads\/2022\/03\/sinode-2021-2023-768x594.jpg 768w\" sizes=\"auto, (max-width: 450px) 100vw, 450px\" \/><\/a>Som un grup de Sant Just que ens expressem com a dones i com a cristianes, en el m\u00f3n i en l&#8217;Esgl\u00e9sia. L&#8217;any 1996, el CDE va organitzar una jornada de reflexi\u00f3 ecum\u00e8nica sobre \u201c<i>La uni\u00f3 de les Esgl\u00e9sies a trav\u00e9s de les dones<\/i>\u201d; aleshores, vam constituir-nos en grup obert al poble, per pregar i reflexionar juntes, ara fa 26 anys.<\/p>\n<p><b>1. Que ens ajuda, a viure el \u201ccaminar juntes\u201d<\/b><\/p>\n<p>La nostra experi\u00e8ncia \u00e9s senzilla i continuada per caminar juntes, fem 12 trobades l&#8217;any, de 2 hores; ens marquem una prioritat i despr\u00e9s, compartim amb altres, el treball que hem fet. Es un temps per aturar-nos en el nostre viure de cada dia. Comencem les trobades amb una preg\u00e0ria que la preparem per torns i l&#8217;escrivim en una llibreta; a la taula posem un llanti\u00f3, perqu\u00e8 l&#8217;Esperit (la Ruah) il\u00b7lumini la nostra trobada.<span class=\"Apple-converted-space\">\u00a0<\/span><\/p>\n<p>A vegades demanem alguna persona que ens ajudi a aprofundir a nivell espiritual.<span class=\"Apple-converted-space\">\u00a0<\/span><\/p>\n<p><span style=\"text-decoration: underline;\">Alguns projectes i iniciatives de participaci\u00f3<\/span><\/p>\n<p>A la parr\u00f2quia, Pregar amb els Salms (una petita preg\u00e0ria dins el full parroquial). L&#8217;Espai de Pau (estona de preg\u00e0ria i meditaci\u00f3 mensual) Els Bocins de Temps (mini banc del temps ). Llibres compartits (un espai amb llibres a l&#8217;abast). Preg\u00e0ries participades a l&#8217;Eucaristia (llibreta oberta, on es poden escriure). Targetes, per a petites preg\u00e0ries (durant la col\u00b7lecta es recullen en una panera i es presenten a l&#8217;altar). El treball de reflexi\u00f3 fet pel grup, el portem a la comunitat parroquial i l&#8217;obrim al poble, en forma de xerrada, testimoni o confer\u00e8ncia, amb algun\/a ponent per aprofundir-hi. En fem difusi\u00f3 pel poble i en el full parroquial, convidant a participar. Per ex.: \u201cdones b\u00edbliques\u201d, \u201cla pobresa\u201d o \u201csom el que vestim\u201d amb l&#8217;enfocament d&#8217;una Esgl\u00e9sia en sortida, com proposa el papa Francesc. Tamb\u00e9 ens ajuda, el que fem a la parr\u00f2quia: l&#8217;Estudi d&#8217;Evangeli, participar en el Consell parroquial, l&#8217;Eucaristia dominical, el servei a l&#8217;altar i altres serveis eclesials i\/o comunitaris. I treballar el que proposa el bisbat: els Objectius Diocesans.<span class=\"Apple-converted-space\">\u00a0 \u00a0<\/span><\/p>\n<p><span style=\"text-decoration: underline;\">Qu\u00e8 ens dificulta el \u201ccaminar junts\u201d<\/span><\/p>\n<p>Com a comunitat parroquial, tenim una dificultat, els grups treballem de forma bastant cohesionada, per\u00f2, s\u00f3n com compartiments estancs amb molt poca o nul\u00b7la comunicaci\u00f3 entre ells. A la parr\u00f2quia hi ha persones que participen, la majoria dones, encara que, hi ha tend\u00e8ncia a dependre excessivament del prevere, que \u00e9s qui marca l&#8217;orientaci\u00f3, o d\u00f3na el vist i plau al que es fa i com es fa. Es tendeix poc a fer vida de comunitat per compartir alguna q\u00fcesti\u00f3 en com\u00fa. Fa temps que no es fan trobades que acabin compartint un \u00e0pat; costa reservar un temps, ni una vegada l&#8217;any, per gaudir d&#8217;aquest tipus d&#8217;encontre i construir comunitat. Les eucaristies son poc participades, la lit\u00fargia no comunica alegria; sovint costa interpretar-la amb ulls d&#8217;avui. Falta il\u00b7lusi\u00f3, confian\u00e7a, flexibilitat i connexi\u00f3 amb altres formes de viure la religiositat.<span class=\"Apple-converted-space\">\u00a0<\/span><\/p>\n<p><b>2. Iniciatives i propostes que ens suggereix l&#8217;Esperit per cr\u00e9ixer en el \u201ccaminar junts\u201d<span class=\"Apple-converted-space\">\u00a0<\/span><\/b><\/p>\n<p>Tenim un model eclesial que reclama caminar vers una coresponsabilitat compartida. Les parr\u00f2quies estan m\u00e9s orientades a dispensar Sagraments que a la participaci\u00f3 i compartir la fe en comunitat, si ho comparem amb les esgl\u00e9sies protestants o les comunitats cristianes de base de Llatinoam\u00e8rica.<span class=\"Apple-converted-space\">\u00a0<\/span><\/p>\n<p>L\u2019Assemblea Diocesana de Barcelona (1980) va parlar de, \u201c<i>la coresponsabilitat comuna compartida exercida amb la participaci\u00f3 de tots, laics i laiques, religiosos i preveres, com un punt program\u00e0tic del Concili Vatic\u00e0 II, amb pluralitat de ministeris<span class=\"Apple-converted-space\">\u00a0 <\/span>-ordenats o designats- com a alternativa al ministeri \u00fanic del prevere, amb carismes i funcions de tots, en tant que dons diferents i tasques diferenciades en el si de de les comunitats\u201d.<span class=\"Apple-converted-space\">\u00a0<\/span><\/i><\/p>\n<p>Les primeres comunitats ja en parlen en els <i>Fets dels Ap\u00f2stols<\/i> (Fets 4, 13. 30. 31; 26, 25)&#8230; aquest punt program\u00e0tic del Vatic\u00e0 II, encara est\u00e0 per desenvolupar, de forma <i>valenta, confiada i amb seny<\/i>.<\/p>\n<p>Esgl\u00e9sia hauria de ser una comunitat de iguals, com a batejats; segons el Concili Vatic\u00e0 II. <span class=\"Apple-converted-space\">\u00a0<\/span><\/p>\n<p>El Baptisme \u00e9s el que ens iguala a tots, homes i dones, i ens dona <i>un lloc<\/i> en l&#8217;Esgl\u00e9sia, mentre que els carismes son diversos. Vivim una gran contradicci\u00f3: l&#8217;Esgl\u00e9sia cat\u00f2lica est\u00e0 instal\u00b7lada en el <i>patriarcat<\/i>, i presenta una gran resist\u00e8ncia al reconeixement i acceptaci\u00f3 de les dones en pla d&#8217;igualtat, quan les dones som el 80% en l&#8217;Esgl\u00e9sia.<span class=\"Apple-converted-space\">\u00a0<\/span><\/p>\n<p>El papa Francesc ens demana que parlem amb llibertat, <i>sense por<\/i>, des de dins i tamb\u00e9 de fora de l\u2018Esgl\u00e9sia. <span class=\"Apple-converted-space\">\u00a0<\/span><\/p>\n<p>Calen canvis en profunditat perqu\u00e8 l&#8217;Esgl\u00e9sia sigui cre\u00efble, quan porti el missatge de Jes\u00fas al m\u00f3n.<\/p>\n<p>Despr\u00e9s de fer-ne preg\u00e0ria i de treballar-hi, fem les seg\u00fcents aportacions:<\/p>\n<ol>\n<li><b>igualtat<\/b> entre dones i barons en el si de l&#8217;Esgl\u00e9sia, perqu\u00e8 l&#8217;aportaci\u00f3 femenina enriqueix la comunitat eclesial.<span class=\"Apple-converted-space\">\u00a0<\/span><\/li>\n<li><b>abolici\u00f3<\/b> de tota mena de discriminaci\u00f3 i ab\u00fas de poder: per ra\u00f3 de color, cultura, religi\u00f3, g\u00e8nere o classe social; tots i totes som fills del D\u00e9u pare-mare; respecte pels drets humans i la llibertat de consci\u00e8ncia. <span class=\"Apple-converted-space\">\u00a0 \u00a0<\/span><\/li>\n<li><b>acc\u00e9s<\/b> als diferents ministeris eclesials: fruit del patriarcat, les dones tenim l&#8217;acc\u00e9s vetat als ministeris ordenats (diaconat, sacerdoci) sabem que no hi ha cap obstacle teol\u00f2gic que ho impedeixi.<\/li>\n<li><b>creativitat<\/b> per incloure diferents carismes, segons cada comunitat, amb flexibilitat i acceptaci\u00f3; calen comunitats que facin confian\u00e7a i elegeixin els seus lideratges.<\/li>\n<li><b>celibat opcional<\/b>, no obligatori.<\/li>\n<li><b>evitar<\/b> vestuari diferenciador: en la vida civil (collet o h\u00e0bit) marca una dist\u00e0ncia que situa nivell de superioritat; \u00e9s diferent de revestir-se per celebrar l&#8217;Eucaristia o participar en un acte lit\u00fargic.<\/li>\n<li><b>la veu dels sense veu<\/b>: una Esgl\u00e9sia pobre amb els pobres i per als pobres; que aculli, escolti, accepti, comparteixi, sigui transparent, vetlli l&#8217;auto sosteniment per compartir el que tenim i som.<\/li>\n<li><b>esgl\u00e9sia en sortida<\/b>: que porti el missatge de Jes\u00fas al carrer, oberta a tothom, coneixedora i compromes amb les persones i els problemes del m\u00f3n.<\/li>\n<li><b>compromesa<\/b>: que s&#8217;impliqui colze amb colze, amb tots els que treballen per la just\u00edcia, la pau, els drets humans i l&#8217;ecologia.<span class=\"Apple-converted-space\">\u00a0<\/span><\/li>\n<li><b>comunitats<\/b> que posin a Jes\u00fas en el centre: \u201cEll \u00e9s viu\u201d, l&#8217;hem de saber veure en els altres, principalment en els pobres, els m\u00e9s febles i els marginats.<span class=\"Apple-converted-space\">\u00a0 \u00a0<\/span><\/li>\n<li><b>que celebri<\/b> amb signes lit\u00fargics comprensibles: que connectin el que diem amb el que fem, portant la vida a les celebracions, tenint present la diversitat cultural, per caminar junts, que no uniformats.<span class=\"Apple-converted-space\">\u00a0<\/span><\/li>\n<li><b>que demani perd\u00f3<\/b>, compensi i aculli les v\u00edctimes, d&#8217;accions delictives comeses per membres de l&#8217;Esgl\u00e9sia (laics o ordenats) i respongui davant la just\u00edcia, com tota persona de la societat civil.<\/li>\n<li><b>formaci\u00f3 permanent<\/b> sobre els textos b\u00edblics: pel la\u00efcat i els ministeris ordenats (homes i dones) creant <i>consci\u00e8ncia feminista<\/i> (<i>acci\u00f3 de denuncia d&#8217;una exclusi\u00f3<\/i>) ja que els textos sagrats van ser escrits i interpretats de forma patriarcal; cal una formaci\u00f3 en conson\u00e0ncia amb els signes dels temps, el problemes socials i les diferents realitats culturals.<\/li>\n<li><b>practicar i promoure<\/b> \u201cla cura\u201d de les persones i del planeta amb urg\u00e8ncia; tamb\u00e9 del llenguatge, qu\u00e8 sigui inclusiu i no fereixi la dignitat de les dones, ni d&#8217;altres grups minoritaris.<\/li>\n<li><b>esperit ecum\u00e8nic: <\/b>apropar-se, i apropar les comunitats, a viv\u00e8ncies i a l\u2019espiritualitat d\u2019altres esgl\u00e9sies cristianes i altres religions.<\/li>\n<\/ol>\n<p><span class=\"Apple-converted-space\">\u00a0<\/span><\/p>\n<p><b>Preg\u00e0ria.<\/b> Demanem la for\u00e7a de l&#8217;Esperit perqu\u00e8, a la nostra comunitat <i>fem cam\u00ed <\/i>en sintonia amb el S\u00ednode, i que la seva pres\u00e8ncia conforti l&#8217;Esgl\u00e9sia per introduir, de forma <b><i>valenta, confiada i amb seny<\/i><\/b> els canvis estructurals que necessita, per ser fidel a la bona nova de l&#8217;Evangeli.<span class=\"Apple-converted-space\">\u00a0<\/span><\/p>\n<p><b>Grup Nostra Dona<\/b><\/p>\n","protected":false},"excerpt":{"rendered":"<p>PARTICIPEM EN EL S\u00cdNODE \u201ccaminar juntes\u201d 2022 Text en PDF El Bisbat de Sant Feliu de Llobregat ha enviat a tota la Di\u00f2cesi, dues preguntes, convidant a les comunitats, parr\u00f2quies [&hellip;]<\/p>\n","protected":false},"author":1,"featured_media":7423,"comment_status":"closed","ping_status":"closed","sticky":false,"template":"","format":"standard","meta":{"footnotes":""},"categories":[13,5],"tags":[],"class_list":["post-7421","post","type-post","status-publish","format-standard","has-post-thumbnail","hentry","category-activitats-recomanades","category-noticies"],"_links":{"self":[{"href":"https:\/\/donesesglesia.cat\/wp_cde\/wp-json\/wp\/v2\/posts\/7421","targetHints":{"allow":["GET"]}}],"collection":[{"href":"https:\/\/donesesglesia.cat\/wp_cde\/wp-json\/wp\/v2\/posts"}],"about":[{"href":"https:\/\/donesesglesia.cat\/wp_cde\/wp-json\/wp\/v2\/types\/post"}],"author":[{"embeddable":true,"href":"https:\/\/donesesglesia.cat\/wp_cde\/wp-json\/wp\/v2\/users\/1"}],"replies":[{"embeddable":true,"href":"https:\/\/donesesglesia.cat\/wp_cde\/wp-json\/wp\/v2\/comments?post=7421"}],"version-history":[{"count":2,"href":"https:\/\/donesesglesia.cat\/wp_cde\/wp-json\/wp\/v2\/posts\/7421\/revisions"}],"predecessor-version":[{"id":7426,"href":"https:\/\/donesesglesia.cat\/wp_cde\/wp-json\/wp\/v2\/posts\/7421\/revisions\/7426"}],"wp:featuredmedia":[{"embeddable":true,"href":"https:\/\/donesesglesia.cat\/wp_cde\/wp-json\/wp\/v2\/media\/7423"}],"wp:attachment":[{"href":"https:\/\/donesesglesia.cat\/wp_cde\/wp-json\/wp\/v2\/media?parent=7421"}],"wp:term":[{"taxonomy":"category","embeddable":true,"href":"https:\/\/donesesglesia.cat\/wp_cde\/wp-json\/wp\/v2\/categories?post=7421"},{"taxonomy":"post_tag","embeddable":true,"href":"https:\/\/donesesglesia.cat\/wp_cde\/wp-json\/wp\/v2\/tags?post=7421"}],"curies":[{"name":"wp","href":"https:\/\/api.w.org\/{rel}","templated":true}]}}