{"id":7410,"date":"2022-03-21T19:10:58","date_gmt":"2022-03-21T18:10:58","guid":{"rendered":"http:\/\/donesesglesia.cat\/wp_cde\/?p=7410"},"modified":"2022-03-21T19:15:19","modified_gmt":"2022-03-21T18:15:19","slug":"recordatori-dantia-ventayol-radua","status":"publish","type":"post","link":"https:\/\/donesesglesia.cat\/wp_cde\/recordatori-dantia-ventayol-radua\/","title":{"rendered":"Recordatori d&#8217;Antia Ventayol Radu\u00e0"},"content":{"rendered":"<h3>Recordatori d\u2019<b>Antia Ventayol Radu\u00e0<br \/>\n<\/b>Barcelona, 1 de juliol de 1928 \u2013 15 de mar\u00e7 de 2022<\/h3>\n<p><a href=\"http:\/\/donesesglesia.cat\/wp_cde\/wp-content\/uploads\/2022\/03\/recordatori_ventayol-antia.pdf\" target=\"_blank\" rel=\"noopener noreferrer\">Recordatori en PDF<\/a><\/p>\n<p><a href=\"http:\/\/donesesglesia.cat\/wp_cde\/wp-content\/uploads\/2022\/03\/recordatori_ventayol-antia.pdf\" target=\"_blank\" rel=\"noopener noreferrer\"><img loading=\"lazy\" decoding=\"async\" class=\"aligncenter wp-image-7413\" src=\"http:\/\/donesesglesia.cat\/wp_cde\/wp-content\/uploads\/2022\/03\/ventayol_antia.jpg\" alt=\"\" width=\"585\" height=\"390\" srcset=\"https:\/\/donesesglesia.cat\/wp_cde\/wp-content\/uploads\/2022\/03\/ventayol_antia.jpg 1600w, https:\/\/donesesglesia.cat\/wp_cde\/wp-content\/uploads\/2022\/03\/ventayol_antia-300x200.jpg 300w, https:\/\/donesesglesia.cat\/wp_cde\/wp-content\/uploads\/2022\/03\/ventayol_antia-1024x682.jpg 1024w, https:\/\/donesesglesia.cat\/wp_cde\/wp-content\/uploads\/2022\/03\/ventayol_antia-768x512.jpg 768w, https:\/\/donesesglesia.cat\/wp_cde\/wp-content\/uploads\/2022\/03\/ventayol_antia-1536x1023.jpg 1536w, https:\/\/donesesglesia.cat\/wp_cde\/wp-content\/uploads\/2022\/03\/ventayol_antia-140x94.jpg 140w\" sizes=\"auto, (max-width: 585px) 100vw, 585px\" \/><\/a><\/p>\n<p>Ha viscut els 93 anys estimant la seva fam\u00edlia, cultivant la passi\u00f3 per les plantes i sent fidel al missatge de Crist. El seu car\u00e0cter i la seva fortalesa l\u2019han acompanyada en totes les adversitats de la vida. En els darrers anys s\u2019ha anat preparant, per assumir la mort com un pas m\u00e9s cap a D\u00e9u. Descansa en pau al costat del seu esp\u00f2s, Antoni.<\/p>\n<p><span class=\"Apple-converted-space\">\u00a0<\/span>El seu comprom\u00eds cristi\u00e0 l\u2019ha portada a col.laborar conscientment i plena a construir un m\u00f3n m\u00e9s just i solidari:<\/p>\n<ul>\n<li><a href=\"http:\/\/donesesglesia.cat\/wp_cde\/wp-content\/uploads\/2022\/03\/ventayol_antia.png\"><img loading=\"lazy\" decoding=\"async\" class=\"alignright size-full wp-image-7416\" src=\"http:\/\/donesesglesia.cat\/wp_cde\/wp-content\/uploads\/2022\/03\/ventayol_antia.png\" alt=\"\" width=\"300\" height=\"300\" srcset=\"https:\/\/donesesglesia.cat\/wp_cde\/wp-content\/uploads\/2022\/03\/ventayol_antia.png 300w, https:\/\/donesesglesia.cat\/wp_cde\/wp-content\/uploads\/2022\/03\/ventayol_antia-150x150.png 150w, https:\/\/donesesglesia.cat\/wp_cde\/wp-content\/uploads\/2022\/03\/ventayol_antia-37x37.png 37w, https:\/\/donesesglesia.cat\/wp_cde\/wp-content\/uploads\/2022\/03\/ventayol_antia-128x128.png 128w, https:\/\/donesesglesia.cat\/wp_cde\/wp-content\/uploads\/2022\/03\/ventayol_antia-184x184.png 184w\" sizes=\"auto, (max-width: 300px) 100vw, 300px\" \/><\/a>Als 40 anys, va iniciar els estudis d\u2019Assistent social i va exercitar durant 20 anys la seva professi\u00f3 i vocaci\u00f3 a ASPANIAS. Actualment encara \u00e9s membre del Col.legi d\u2019Assistents Socials.<\/li>\n<li>L\u2019Antia i l\u2019Antoni van formar part dels Equips de matrimoni i del Tel\u00e8fon de l\u2019Esperan\u00e7a donant suport emocional i espiritual a persones en soledat. Posteriorment, ha col.laborat en nombroses entitats eclesials: l\u2019Ultreia, Vida creixent, Cristianisme i Just\u00edcia, i, especialment en favor del paper de la dona dins l\u2019esgl\u00e9sia amb el Col\u00b7lectiu de Dones en l\u2019Esgl\u00e9sia.<\/li>\n<\/ul>\n<p>Barcelona, 17 de mar\u00e7 de 2022<\/p>\n","protected":false},"excerpt":{"rendered":"<p>Recordatori d\u2019Antia Ventayol Radu\u00e0 Barcelona, 1 de juliol de 1928 \u2013 15 de mar\u00e7 de 2022 Recordatori en PDF Ha viscut els 93 anys estimant la seva fam\u00edlia, cultivant la [&hellip;]<\/p>\n","protected":false},"author":1,"featured_media":7412,"comment_status":"closed","ping_status":"closed","sticky":false,"template":"","format":"standard","meta":{"footnotes":""},"categories":[5],"tags":[],"class_list":["post-7410","post","type-post","status-publish","format-standard","has-post-thumbnail","hentry","category-noticies"],"_links":{"self":[{"href":"https:\/\/donesesglesia.cat\/wp_cde\/wp-json\/wp\/v2\/posts\/7410","targetHints":{"allow":["GET"]}}],"collection":[{"href":"https:\/\/donesesglesia.cat\/wp_cde\/wp-json\/wp\/v2\/posts"}],"about":[{"href":"https:\/\/donesesglesia.cat\/wp_cde\/wp-json\/wp\/v2\/types\/post"}],"author":[{"embeddable":true,"href":"https:\/\/donesesglesia.cat\/wp_cde\/wp-json\/wp\/v2\/users\/1"}],"replies":[{"embeddable":true,"href":"https:\/\/donesesglesia.cat\/wp_cde\/wp-json\/wp\/v2\/comments?post=7410"}],"version-history":[{"count":4,"href":"https:\/\/donesesglesia.cat\/wp_cde\/wp-json\/wp\/v2\/posts\/7410\/revisions"}],"predecessor-version":[{"id":7418,"href":"https:\/\/donesesglesia.cat\/wp_cde\/wp-json\/wp\/v2\/posts\/7410\/revisions\/7418"}],"wp:featuredmedia":[{"embeddable":true,"href":"https:\/\/donesesglesia.cat\/wp_cde\/wp-json\/wp\/v2\/media\/7412"}],"wp:attachment":[{"href":"https:\/\/donesesglesia.cat\/wp_cde\/wp-json\/wp\/v2\/media?parent=7410"}],"wp:term":[{"taxonomy":"category","embeddable":true,"href":"https:\/\/donesesglesia.cat\/wp_cde\/wp-json\/wp\/v2\/categories?post=7410"},{"taxonomy":"post_tag","embeddable":true,"href":"https:\/\/donesesglesia.cat\/wp_cde\/wp-json\/wp\/v2\/tags?post=7410"}],"curies":[{"name":"wp","href":"https:\/\/api.w.org\/{rel}","templated":true}]}}