{"id":7390,"date":"2022-03-17T17:13:50","date_gmt":"2022-03-17T16:13:50","guid":{"rendered":"http:\/\/donesesglesia.cat\/wp_cde\/?p=7390"},"modified":"2022-03-17T17:13:50","modified_gmt":"2022-03-17T16:13:50","slug":"alliberament-i-compromis-referents","status":"publish","type":"post","link":"https:\/\/donesesglesia.cat\/wp_cde\/alliberament-i-compromis-referents\/","title":{"rendered":"Alliberament i comprom\u00eds: referents"},"content":{"rendered":"<p>Aquests darrers anys ens han deixat persones que han estat per molts de nosaltres\u00a0referents en la nostra vida. Persones\u00a0que han dedicat la seva vida per construir una societat m\u00e9s justa, m\u00e9s fraternal i sempre al costat dels m\u00e9s exclosos.\u00a0Persones\u00a0que han testimoniat, entre moltes altres, un cristianisme d&#8217;alliberament, un cristianisme\u00a0transgressor. Persones\u00a0que han treballat per una esgl\u00e9sia m\u00e9s evang\u00e8lica, al costat del poble.<\/p>\n<h3>Un conjunt d&#8217;entitats que segueixen les seves obres hem pensat convocar-vos per fer mem\u00f2ria del seu llegat, i per compartir i esperonar-nos a seguir el seu cam\u00ed,\u00a0 en una\u00a0<b><span style=\"color: #ff00ff;\">Trobada\u00a0pel dissabte 2 d&#8217;abril\u00a0 de 10.30h a 13h.\u00a0<\/span><\/b>que hem titulat\u00a0<span lang=\"CA\"><b>\u201cALLIBERAMENT i COMPROM\u00cdS: REFERENTS\u201d<\/b><span class=\"gmail_default\"><b>,\u00a0<\/b><span style=\"color: #ff0000;\">als escolapis de la Ronda Sant Pau 72 de Barcelona.<\/span><\/span><\/span><\/h3>\n<p><a href=\"http:\/\/donesesglesia.cat\/wp_cde\/wp-content\/uploads\/2022\/03\/referents.pdf\" target=\"_blank\" rel=\"noopener noreferrer\">Cartell en PDF<\/a><\/p>\n<p><a href=\"http:\/\/donesesglesia.cat\/wp_cde\/wp-content\/uploads\/2022\/03\/referents.jpg\"><img loading=\"lazy\" decoding=\"async\" class=\"aligncenter  wp-image-7392\" src=\"http:\/\/donesesglesia.cat\/wp_cde\/wp-content\/uploads\/2022\/03\/referents.jpg\" alt=\"\" width=\"731\" height=\"1034\" srcset=\"https:\/\/donesesglesia.cat\/wp_cde\/wp-content\/uploads\/2022\/03\/referents.jpg 990w, https:\/\/donesesglesia.cat\/wp_cde\/wp-content\/uploads\/2022\/03\/referents-212x300.jpg 212w, https:\/\/donesesglesia.cat\/wp_cde\/wp-content\/uploads\/2022\/03\/referents-724x1024.jpg 724w, https:\/\/donesesglesia.cat\/wp_cde\/wp-content\/uploads\/2022\/03\/referents-768x1086.jpg 768w\" sizes=\"auto, (max-width: 731px) 100vw, 731px\" \/><\/a><\/p>\n<p>&nbsp;<\/p>\n","protected":false},"excerpt":{"rendered":"<p>Aquests darrers anys ens han deixat persones que han estat per molts de nosaltres\u00a0referents en la nostra vida. Persones\u00a0que han dedicat la seva vida per construir una societat m\u00e9s justa, [&hellip;]<\/p>\n","protected":false},"author":1,"featured_media":7391,"comment_status":"closed","ping_status":"closed","sticky":false,"template":"","format":"standard","meta":{"footnotes":""},"categories":[13,5],"tags":[],"class_list":["post-7390","post","type-post","status-publish","format-standard","has-post-thumbnail","hentry","category-activitats-recomanades","category-noticies"],"_links":{"self":[{"href":"https:\/\/donesesglesia.cat\/wp_cde\/wp-json\/wp\/v2\/posts\/7390","targetHints":{"allow":["GET"]}}],"collection":[{"href":"https:\/\/donesesglesia.cat\/wp_cde\/wp-json\/wp\/v2\/posts"}],"about":[{"href":"https:\/\/donesesglesia.cat\/wp_cde\/wp-json\/wp\/v2\/types\/post"}],"author":[{"embeddable":true,"href":"https:\/\/donesesglesia.cat\/wp_cde\/wp-json\/wp\/v2\/users\/1"}],"replies":[{"embeddable":true,"href":"https:\/\/donesesglesia.cat\/wp_cde\/wp-json\/wp\/v2\/comments?post=7390"}],"version-history":[{"count":2,"href":"https:\/\/donesesglesia.cat\/wp_cde\/wp-json\/wp\/v2\/posts\/7390\/revisions"}],"predecessor-version":[{"id":7395,"href":"https:\/\/donesesglesia.cat\/wp_cde\/wp-json\/wp\/v2\/posts\/7390\/revisions\/7395"}],"wp:featuredmedia":[{"embeddable":true,"href":"https:\/\/donesesglesia.cat\/wp_cde\/wp-json\/wp\/v2\/media\/7391"}],"wp:attachment":[{"href":"https:\/\/donesesglesia.cat\/wp_cde\/wp-json\/wp\/v2\/media?parent=7390"}],"wp:term":[{"taxonomy":"category","embeddable":true,"href":"https:\/\/donesesglesia.cat\/wp_cde\/wp-json\/wp\/v2\/categories?post=7390"},{"taxonomy":"post_tag","embeddable":true,"href":"https:\/\/donesesglesia.cat\/wp_cde\/wp-json\/wp\/v2\/tags?post=7390"}],"curies":[{"name":"wp","href":"https:\/\/api.w.org\/{rel}","templated":true}]}}