{"id":7377,"date":"2022-03-03T18:44:10","date_gmt":"2022-03-03T17:44:10","guid":{"rendered":"http:\/\/donesesglesia.cat\/wp_cde\/?p=7377"},"modified":"2022-03-03T18:44:10","modified_gmt":"2022-03-03T17:44:10","slug":"8-de-marc-2022-manifest-dalcem-la-veu","status":"publish","type":"post","link":"https:\/\/donesesglesia.cat\/wp_cde\/8-de-marc-2022-manifest-dalcem-la-veu\/","title":{"rendered":"8 de mar\u00e7 2022: Manifest d&#8217;Alcem La Veu"},"content":{"rendered":"<h3>Manifest #AlcemLaVeu<br \/>\nPer la igualtat i la no discriminaci\u00f3 de les dones a l&#8217;Esgl\u00e9sia<\/h3>\n<div id=\"comp-k5zi8kwa\" class=\"_2Z-zX\" aria-disabled=\"false\" data-angle=\"0\" data-angle-style-location=\"style\" data-screen-in-hide=\"done\"><a class=\"_12Dtc\" href=\"https:\/\/www.alcemlaveu.org\/manifest\" target=\"_blank\" rel=\"noopener noreferrer\" data-testid=\"linkElement\" aria-disabled=\"false\"><span class=\"_27Vyn\">LLEGEIX I SIGNA EL MANIFEST<\/span><\/a><\/div>\n<div id=\"comp-kkvieo1l\">\n<div class=\"comp-kkvieo1l\" data-reactroot=\"\">\n<div>\n<div class=\"md lt-lg lt-xl gt-xs gt-s gt-sm gt-740 gt-830 gt-886 gt-940 w686-980 lte-w980 lte-banner-w1564 lte-banner-w1425 lte-banner-w1181 lte-banner-w980 lte-category-header-w1364 \" data-hook=\"responsive-listener\">\n<div class=\"_30gmQ\">\n<div class=\"\">\n<div class=\"post-list-pro-gallery-pg-grid gallery-right-align arrows-on-gallery\" data-hook=\"post-list-pro-gallery-container\">\n<div id=\"pro-gallery-comp-kkvieo1l\" class=\"pro-gallery\">\n<div class=\"\" tabindex=\"-1\" data-key=\"pro-gallery-inner-container\">\n<div class=\"pro-gallery-parent-container\" role=\"region\" aria-label=\"Llista d'entrades. Selecciona una entrada per llegir-la.\" aria-roledescription=\"region\">\n<div id=\"pro-gallery-container\" class=\"pro-gallery inline-styles  ltr \">\n<div id=\"pro-gallery-margin-container\">\u00a0<\/div>\n<\/div>\n<\/div>\n<\/div>\n<\/div>\n<\/div>\n<\/div>\n<\/div>\n<\/div>\n<\/div>\n<\/div>\n<\/div>\n<div id=\"comp-k62i1300\" class=\"_1Q9if\" data-testid=\"richTextElement\">\n<p class=\"font_8\">En el marc de les jornades feministes del 8 de mar\u00e7, les dones creients, de moviments i comunitats, #AlcemLaVeu per dir que:<span class=\"wixGuard\">\u200b<\/span><\/p>\n<p class=\"font_8\"><strong>VENIM DE LLUNY<\/strong><\/p>\n<p class=\"font_8\"><strong>Venim<\/strong> d&#8217;una llarga tradici\u00f3 feminista que ha lluitat per la dignitat de les dones, que ha exigit la igualtat de drets, poder votar, llibertat sexual i reproductiva, i al segle XXI es reconeix diversa, es mostra amb una for\u00e7a jove i renovada, i aquest proper 8 de mar\u00e7 tornar\u00e0 a sortir al carrer per al\u00e7ar la veu i dir prou.<\/p>\n<p class=\"font_8\"><strong>Venim<\/strong> de les dones valentes i lliures de les primeres comunitats cristianes, i de totes les que al llarg de la hist\u00f2ria s\u2019han negat a quedar recloses en els rols secundaris\u00a0 i invisibles a qu\u00e8 la tradici\u00f3 eclesial i teol\u00f2gica les volia sotmetre.<\/p>\n<p class=\"font_8\"><strong>Venim<\/strong> de la bona not\u00edcia d\u2019un Jes\u00fas que transgredeix les normes d&#8217;una societat profundament patriarcal. Venim d\u2019una Esgl\u00e9sia que en els seus inicis va fer de la igualtat entre homes i dones, una de les aportacions m\u00e9s radicals a la hist\u00f2ria de la humanitat. Recuperem-la!<\/p>\n<p>&nbsp;<\/p>\n<p class=\"font_8\"><strong>SOM MOLTES<\/strong><\/p>\n<p class=\"font_8\"><strong>Som <\/strong>moltes les que arreu del m\u00f3n Alcem La Veu.<\/p>\n<p class=\"font_8\"><strong>Som<\/strong> majoria en les tasques de voluntariat, en les celebracions religioses, com a catequistes, als consells parroquials, som moltes en els moviments, associacions, esplais i en el m\u00f3n educatiu d\u2019infants i joves.<\/p>\n<p class=\"font_8\"><strong>Som<\/strong>\u00a0incomptables les congregacions de religioses que treballem dia a dia pels drets dels m\u00e9s vulnerables.<\/p>\n<p class=\"font_8\">Qui constitueix una part important de l\u2019Esgl\u00e9sia al segle XXI? Nosaltres!<span class=\"wixGuard\">\u200b<\/span><\/p>\n<p>&nbsp;<\/p>\n<p class=\"font_8\"><strong>DIEM PROU<span class=\"wixGuard\">\u200b<\/span><\/strong><\/p>\n<p class=\"font_8\"><strong>Diem<\/strong> prou a ser invisibilitzades i silenciades.<\/p>\n<p class=\"font_8\"><strong>Diem<\/strong> prou a ser tractades amb condescend\u00e8ncia com si f\u00f3ssim menors d&#8217;edat.<\/p>\n<p class=\"font_8\"><strong>Diem<\/strong> prou a la discriminaci\u00f3 per ra\u00f3 del sexe o del g\u00e8nere.<\/p>\n<p class=\"font_8\">Quantes dones veiem representant la instituci\u00f3? Quantes poden prendre part en la presa de les decisions? Quantes te\u00f2logues treballen a les facultats de Teologia, quantes acompanyen espiritualment, quantes s\u00f3n formadores dels seminaris?<\/p>\n<p class=\"font_8\"><strong><span class=\"wixGuard\">\u200b<\/span>Diem prou<\/strong> a que se\u2019ns negui el sacerdoci a causa del nostre cos, un cos que sempre est\u00e0 sota sospita.<\/p>\n<p class=\"font_8\"><strong>Prou<\/strong> a una visi\u00f3 negativa de la sexualitat, que crea patiment.<\/p>\n<p class=\"font_8\"><strong>Prou<\/strong> a una imatge d&#8217;un D\u00e9u exclusivament mascul\u00ed.\u00a0<\/p>\n<p>&nbsp;<\/p>\n<p class=\"font_8\"><strong>IMAGINEM I CONSTRU\u00cfM UNA ESGL\u00c9SIA NOVA<\/strong><\/p>\n<p class=\"font_8\">Una Esgl\u00e9sia que \u00e9s comunitat d&#8217;iguals, on la dona \u00e9s reconeguda com a subjecte de ple dret, amb veu i vot a tot arreu, on la dona \u00e9s valorada pels propis talents, carismes i aportacions a les comunitats.<\/p>\n<p class=\"font_8\"><strong>Una Esgl\u00e9sia<\/strong> on el lideratge \u00e9s compartit entre dones i homes, laics, laiques, persones consagrades i preveres. Una esgl\u00e9sia parit\u00e0ria, m\u00e9s plural i menys jer\u00e0rquica.<\/p>\n<p class=\"font_8\"><strong>Una Esgl\u00e9sia<\/strong> que acompanya sense jutjar tota la diversitat de les fam\u00edlies, d&#8217;identitats i orientacions sexuals.<\/p>\n<p class=\"font_8\"><strong>Una Esgl\u00e9sia<\/strong> on les dones ja som, i ens reconeixem amb autoritat i lideratge.<\/p>\n<p class=\"font_8\"><strong>Una Esgl\u00e9sia<\/strong> que ja avui \u00e9s llavor de futur.<\/p>\n<p>&nbsp;<\/p>\n<p class=\"font_8\"><strong>VENIM DE LLUNY, SOM MOLTES, i #ALCEMLAVEU per DIR PROU<\/strong> i lluitar per una Esgl\u00e9sia nova que l\u20191 de mar\u00e7 de 2020 fa un pas endavant.<\/p>\n<\/div>\n<div id=\"comp-k6mb7yvo\" class=\"_2Z-zX\" aria-disabled=\"false\" data-angle=\"0\" data-angle-style-location=\"style\" data-screen-in-hide=\"done\"><a href=\"http:\/\/donesesglesia.cat\/wp_cde\/wp-content\/uploads\/2022\/03\/manifest_2022-03-08.jpg\"><img loading=\"lazy\" decoding=\"async\" class=\"aligncenter  wp-image-7382\" src=\"http:\/\/donesesglesia.cat\/wp_cde\/wp-content\/uploads\/2022\/03\/manifest_2022-03-08.jpg\" alt=\"\" width=\"749\" height=\"1059\" srcset=\"https:\/\/donesesglesia.cat\/wp_cde\/wp-content\/uploads\/2022\/03\/manifest_2022-03-08.jpg 1024w, https:\/\/donesesglesia.cat\/wp_cde\/wp-content\/uploads\/2022\/03\/manifest_2022-03-08-212x300.jpg 212w, https:\/\/donesesglesia.cat\/wp_cde\/wp-content\/uploads\/2022\/03\/manifest_2022-03-08-724x1024.jpg 724w, https:\/\/donesesglesia.cat\/wp_cde\/wp-content\/uploads\/2022\/03\/manifest_2022-03-08-768x1086.jpg 768w\" sizes=\"auto, (max-width: 749px) 100vw, 749px\" \/><\/a><\/div>\n","protected":false},"excerpt":{"rendered":"<p>Manifest #AlcemLaVeu Per la igualtat i la no discriminaci\u00f3 de les dones a l&#8217;Esgl\u00e9sia LLEGEIX I SIGNA EL MANIFEST \u00a0 En el marc de les jornades feministes del 8 de [&hellip;]<\/p>\n","protected":false},"author":1,"featured_media":7380,"comment_status":"closed","ping_status":"closed","sticky":false,"template":"","format":"standard","meta":{"footnotes":""},"categories":[5],"tags":[],"class_list":["post-7377","post","type-post","status-publish","format-standard","has-post-thumbnail","hentry","category-noticies"],"_links":{"self":[{"href":"https:\/\/donesesglesia.cat\/wp_cde\/wp-json\/wp\/v2\/posts\/7377","targetHints":{"allow":["GET"]}}],"collection":[{"href":"https:\/\/donesesglesia.cat\/wp_cde\/wp-json\/wp\/v2\/posts"}],"about":[{"href":"https:\/\/donesesglesia.cat\/wp_cde\/wp-json\/wp\/v2\/types\/post"}],"author":[{"embeddable":true,"href":"https:\/\/donesesglesia.cat\/wp_cde\/wp-json\/wp\/v2\/users\/1"}],"replies":[{"embeddable":true,"href":"https:\/\/donesesglesia.cat\/wp_cde\/wp-json\/wp\/v2\/comments?post=7377"}],"version-history":[{"count":9,"href":"https:\/\/donesesglesia.cat\/wp_cde\/wp-json\/wp\/v2\/posts\/7377\/revisions"}],"predecessor-version":[{"id":7388,"href":"https:\/\/donesesglesia.cat\/wp_cde\/wp-json\/wp\/v2\/posts\/7377\/revisions\/7388"}],"wp:featuredmedia":[{"embeddable":true,"href":"https:\/\/donesesglesia.cat\/wp_cde\/wp-json\/wp\/v2\/media\/7380"}],"wp:attachment":[{"href":"https:\/\/donesesglesia.cat\/wp_cde\/wp-json\/wp\/v2\/media?parent=7377"}],"wp:term":[{"taxonomy":"category","embeddable":true,"href":"https:\/\/donesesglesia.cat\/wp_cde\/wp-json\/wp\/v2\/categories?post=7377"},{"taxonomy":"post_tag","embeddable":true,"href":"https:\/\/donesesglesia.cat\/wp_cde\/wp-json\/wp\/v2\/tags?post=7377"}],"curies":[{"name":"wp","href":"https:\/\/api.w.org\/{rel}","templated":true}]}}