{"id":7373,"date":"2022-02-27T20:28:08","date_gmt":"2022-02-27T19:28:08","guid":{"rendered":"http:\/\/donesesglesia.cat\/wp_cde\/?p=7373"},"modified":"2022-03-03T18:49:00","modified_gmt":"2022-03-03T17:49:00","slug":"altra-vegada-no-a-la-guerra","status":"publish","type":"post","link":"https:\/\/donesesglesia.cat\/wp_cde\/altra-vegada-no-a-la-guerra\/","title":{"rendered":"Altra vegada, No a la guerra"},"content":{"rendered":"<h3>Manifest de Lafede.cat (plataforma catalana ) i la CONGDE (plataforma estatal), on hi participa Just\u00edcia i Pau<\/h3>\n<p><a href=\"https:\/\/www.lafede.cat\/ca\/altra-vegada-no-a-la-guerra-2\/\" target=\"_blank\" rel=\"noopener noreferrer\">Text original publicat a Lafede.cat<\/a><\/p>\n<h4>La federaci\u00f3 publica un comunicat amb car\u00e0cter d\u2019urg\u00e8ncia, en relaci\u00f3 amb el conflicte d\u2019Ucra\u00efna. Ho fa amb la Coordinadora estatal d\u2019ONG i amb un clar missatge cap al govern espanyol. Instem a totes les parts a desescalar el conflicte. Abans dels atacs d\u2019aquesta matinada tres milions de persones necessitaven ajuda humanit\u00e0ria. El cap de setmana s\u2019han convocat ja concentracions de protesta a moltes ciutats de l\u2019Estat.\u00a0<\/h4>\n<p><a href=\"https:\/\/www.lafede.cat\/wp-content\/uploads\/2022\/02\/Ucrania.jpg\" data-slb-active=\"1\" data-slb-asset=\"1364613260\" data-slb-internal=\"0\"><img loading=\"lazy\" decoding=\"async\" class=\"alignnone wp-image-10541 size-full\" src=\"https:\/\/www.lafede.cat\/wp-content\/uploads\/2022\/02\/Ucrania@2x.jpg\" sizes=\"auto, (max-width: 900px) 100vw, 900px\" srcset=\"https:\/\/www.lafede.cat\/wp-content\/uploads\/2022\/02\/Ucrania.jpg 900w, https:\/\/www.lafede.cat\/wp-content\/uploads\/2022\/02\/Ucrania-300x200.jpg 300w, https:\/\/www.lafede.cat\/wp-content\/uploads\/2022\/02\/Ucrania-768x512.jpg 768w\" alt=\"\" width=\"740\" height=\"493\" \/><\/a><\/p>\n<h4>COMUNICAT: ALTRA VEGADA, NO A LA GUERRA<\/h4>\n<p><a href=\"https:\/\/www.lafede.cat\/ca\/comunicat-sobre-ucraina-no-a-lescalada-bellica-si-a-la-seguretat-de-les-persones\/\" target=\"_blank\" rel=\"noopener noreferrer\">Ho d\u00e8iem fa un mes<\/a> i tornem a repetir-ho: <strong>la guerra a Ucra\u00efna, com passa amb totes les guerres, tindr\u00e0 greus conseq\u00fc\u00e8ncies a la vida de la poblaci\u00f3 civil.<\/strong> Manifestem tota la nostra solidaritat amb les v\u00edctimes dels atacs d\u2019aquesta matinada, i amb la poblaci\u00f3 civil que ara mateix tem per les seves vides.<\/p>\n<p><span lang=\"ca-ES\"><strong>Cridem a frenar l\u2019escalada militar i al cessament immediat de les hostilitats; tots els actors implicats en el conflicte han de posar fre als atacs i possibles respostes armades, i iniciar de manera immediata un proc\u00e9s real de di\u00e0leg i pau<\/strong> que garanteixi el ple compliment del dret internacional humanitari. La garantia dels drets humans ha de ser plenament assegurada, aix\u00ed com la protecci\u00f3 de la poblaci\u00f3 civil, amb una atenci\u00f3 especial a la inf\u00e0ncia, a les infraestructures civils, les escoles i els hospitals.<\/span><\/p>\n<p><span lang=\"ca-ES\"><strong>Abans que esclat\u00e9s aquest conflicte la situaci\u00f3 era ja molt preocupant, amb gaireb\u00e9 tres milions de persones necessitades de suport humanitari.<\/strong> Les nostres ONG a la zona, i les organitzacions locals amb qu\u00e8 treballem, fa setmanes que mostren la seva preocupaci\u00f3 davant un possible desenlla\u00e7 com el d\u2019avui, i davant la possibilitat d\u2019un augment dr\u00e0stic de les necessitats humanit\u00e0ries. En compliment del dret internacional humanitari, c<strong>al garantir l\u2019assist\u00e8ncia que fan les ag\u00e8ncies de les Nacions Unides i les organitzacions que treballen amb la poblaci\u00f3 local;<\/strong> la seva feina ha de ser garantida en condicions de seguretat.<\/span><\/p>\n<p><span lang=\"ca-ES\">Avui m\u00e9s que mai recordem que <strong>si vols la pau has de preparar la pau.<\/strong> Moltes organitzacions socials fan una feina di\u00e0ria <\/span><span lang=\"ca-ES\">i <\/span><span lang=\"ca-ES\">de llarg recorregut, orientada a identificar i denunciar les causes reals i estructurals d\u2019aquest tipus de conflictes, a transformar-les per prevenir el seu sorgiment, a promoure la desmilitaritzaci\u00f3 de les ments i a fomentar la cultura de pau. <strong>Com a ONG de drets humans, pau i acci\u00f3 humanit\u00e0ria, exigim <\/strong><\/span><strong><span lang=\"ca-ES\">que se\u2019ns tingui <\/span><\/strong><span lang=\"ca-ES\"><strong>en compte a la pol\u00edtica exterior.<\/strong> Reivindiquem el nostre paper com a societat civil organitzada en el foment de la pau i la conviv\u00e8ncia; una q\u00fcesti\u00f3 que cal tenir en compte de manera central en qualsevol soluci\u00f3 que es plantegi.<\/span><\/p>\n<h4><span lang=\"ca-ES\">La responsabilitat pol\u00edtica<\/span><\/h4>\n<p><span lang=\"ca-ES\">La comunitat internacional ha d\u2019assumir la responsabilitat i contribuir a aplanar el cam\u00ed cap a la pau. <strong>Apel\u00b7lem a la Uni\u00f3 Europea, en concret Josep Borrell com a Alt representant per a Afers Exteriors i Pol\u00edtica de Seguretat, que faci un exercici de responsabilitat i posi fre a la deriva bel\u00b7licista. El Govern de Pedro S\u00e1nchez, en coher\u00e8ncia amb la seva defensa de la pau i la seguretat internacional, ha de fer un pas endavant i apostar clarament per la fi del co<\/strong>nfli<strong>cte. Demanem tamb\u00e9 al Govern catal\u00e0, a tots els partits presents al Parlament i a tots els alcaldes i alcaldesses del pa\u00eds que es posicionin clarament a favor d\u2019aturar el conflicte i favor de la pau. <\/strong><\/span><\/p>\n<p><span lang=\"ca-ES\">La guerra \u00e9s l\u2019\u00faltim i terrible pas d\u2019un cam\u00ed de conflictes creixents que han de frenar-se des del seu origen. Per aix\u00f2, <strong>defensem el foment dels processos de prevenci\u00f3, conviv\u00e8ncia i cultura de pau<\/strong>, processos als quals els estats i les inst\u00e0ncies internacionals han de donar suport, i que <strong>han de comptar amb el protagonisme de les societats civils implicades; especialment, les dones,<\/strong> que al llarg i ample de tot el planeta i tal com reconeix la resoluci\u00f3 1325 de les Nacions Unides, han demostrat la seva enorme contribuci\u00f3 a la pau<\/span><\/p>\n<p><span lang=\"ca-ES\">La construcci\u00f3 i consolidaci\u00f3 de la pau requereix di\u00e0leg i molta paci\u00e8ncia, \u00e9s un proc\u00e9s complex i de profundes transformacions. Els diferents agents implicats en el foment de la pau han d\u2019activar mecanismes innovadors que ajudin a consolidar-la. En aquest sentit, <strong>les sancions econ\u00f2miques han demostrat que rares vegades solucionen les causes i problemes estructurals de la guerra, i que poden agreujar el patiment de la societat civil <\/strong>i augmentar la vulnerabilitat de les persones davant de la pobresa i desigualtats. Per aix\u00f2, per revertir aquesta escalada b\u00e8l\u00b7lica, cal oferir alternatives pac\u00edfiques que garanteixin els drets humans.<\/span><\/p>\n<p><span lang=\"ca-ES\"><strong>Fem una crida als mitjans de comunicaci\u00f3 perqu\u00e8 facin un exercici actiu de responsabilitat<\/strong> per evitar la profusi\u00f3 de desinformaci\u00f3 i propaganda; han d\u2019evitar el llenguatge b\u00e8l\u00b7lic i fugir de relats esbiaixats. Fem igualment una crida a la ciutadania perqu\u00e8 tingui molt present que estem en plena guerra de desinformaci\u00f3 als mitjans, i al ciberespai. <strong>Demanem a la ciutadania que faci un consum cr\u00edtic de la informaci\u00f3 i exigeixi que el periodisme no sigui de guerra sin\u00f3 de recerca activa de la pau<\/strong>, i faciliti informaci\u00f3 rigorosa, \u00e8tica i honesta que ajudi a entendre el que est\u00e0 passant, i a empatitzar amb el patiment causat per la guerra.<\/span><\/p>\n<h4>La<span lang=\"ca-ES\"> ciutadania, de nou a l\u2019al\u00e7ada<\/span><\/h4>\n<p><span lang=\"ca-ES\">Un cop m\u00e9s, la societat espanyola i catalana defensen la pau. Arreu es convoquen mobilitzacions en contra de la guerra i en favor de la pau, de la vida i en solidaritat amb les v\u00edctimes. <strong>Animem la ciutadania a participar en les diferents convocat\u00f2ries que estan sorgint a tot el territori.<\/strong> Els governs han de tornar a escoltar el nostre clam a la defensa de la pau com l\u2019\u00fanic cam\u00ed. La guerra \u00e9s sempre un carrer\u00f3 sense sortida per als de sempre. <\/span><\/p>\n","protected":false},"excerpt":{"rendered":"<p>Manifest de Lafede.cat (plataforma catalana ) i la CONGDE (plataforma estatal), on hi participa Just\u00edcia i Pau Text original publicat a Lafede.cat La federaci\u00f3 publica un comunicat amb car\u00e0cter d\u2019urg\u00e8ncia, [&hellip;]<\/p>\n","protected":false},"author":1,"featured_media":7389,"comment_status":"closed","ping_status":"closed","sticky":false,"template":"","format":"standard","meta":{"footnotes":""},"categories":[5],"tags":[],"class_list":["post-7373","post","type-post","status-publish","format-standard","has-post-thumbnail","hentry","category-noticies"],"_links":{"self":[{"href":"https:\/\/donesesglesia.cat\/wp_cde\/wp-json\/wp\/v2\/posts\/7373","targetHints":{"allow":["GET"]}}],"collection":[{"href":"https:\/\/donesesglesia.cat\/wp_cde\/wp-json\/wp\/v2\/posts"}],"about":[{"href":"https:\/\/donesesglesia.cat\/wp_cde\/wp-json\/wp\/v2\/types\/post"}],"author":[{"embeddable":true,"href":"https:\/\/donesesglesia.cat\/wp_cde\/wp-json\/wp\/v2\/users\/1"}],"replies":[{"embeddable":true,"href":"https:\/\/donesesglesia.cat\/wp_cde\/wp-json\/wp\/v2\/comments?post=7373"}],"version-history":[{"count":2,"href":"https:\/\/donesesglesia.cat\/wp_cde\/wp-json\/wp\/v2\/posts\/7373\/revisions"}],"predecessor-version":[{"id":7376,"href":"https:\/\/donesesglesia.cat\/wp_cde\/wp-json\/wp\/v2\/posts\/7373\/revisions\/7376"}],"wp:featuredmedia":[{"embeddable":true,"href":"https:\/\/donesesglesia.cat\/wp_cde\/wp-json\/wp\/v2\/media\/7389"}],"wp:attachment":[{"href":"https:\/\/donesesglesia.cat\/wp_cde\/wp-json\/wp\/v2\/media?parent=7373"}],"wp:term":[{"taxonomy":"category","embeddable":true,"href":"https:\/\/donesesglesia.cat\/wp_cde\/wp-json\/wp\/v2\/categories?post=7373"},{"taxonomy":"post_tag","embeddable":true,"href":"https:\/\/donesesglesia.cat\/wp_cde\/wp-json\/wp\/v2\/tags?post=7373"}],"curies":[{"name":"wp","href":"https:\/\/api.w.org\/{rel}","templated":true}]}}