{"id":7338,"date":"2022-02-21T20:41:20","date_gmt":"2022-02-21T19:41:20","guid":{"rendered":"http:\/\/donesesglesia.cat\/wp_cde\/?p=7338"},"modified":"2022-02-25T21:00:39","modified_gmt":"2022-02-25T20:00:39","slug":"exequies-de-montserrat-tortosa","status":"publish","type":"post","link":"https:\/\/donesesglesia.cat\/wp_cde\/exequies-de-montserrat-tortosa\/","title":{"rendered":"Ex\u00e8quies de Montserrat Tortosa"},"content":{"rendered":"<p>Ara ens toca dir ad\u00e9u a la Montse, una cosa que em pensava que mai arribaria. Era tan vital, era tanta Montse&#8230;<\/p>\n<p><a href=\"http:\/\/donesesglesia.cat\/wp_cde\/wp-content\/uploads\/2022\/02\/tortosa_montse.jpg\"><img loading=\"lazy\" decoding=\"async\" class=\" wp-image-7356 alignright\" src=\"http:\/\/donesesglesia.cat\/wp_cde\/wp-content\/uploads\/2022\/02\/tortosa_montse.jpg\" alt=\"\" width=\"407\" height=\"509\" srcset=\"https:\/\/donesesglesia.cat\/wp_cde\/wp-content\/uploads\/2022\/02\/tortosa_montse.jpg 1024w, https:\/\/donesesglesia.cat\/wp_cde\/wp-content\/uploads\/2022\/02\/tortosa_montse-240x300.jpg 240w, https:\/\/donesesglesia.cat\/wp_cde\/wp-content\/uploads\/2022\/02\/tortosa_montse-819x1024.jpg 819w, https:\/\/donesesglesia.cat\/wp_cde\/wp-content\/uploads\/2022\/02\/tortosa_montse-768x961.jpg 768w\" sizes=\"auto, (max-width: 407px) 100vw, 407px\" \/><\/a>Jo l\u2019estimava molt, crec que ella tamb\u00e9 a mi, per aix\u00f2 vull dedicar-li unes paraules des de la meva percepci\u00f3 i des del cor.<\/p>\n<p>Era una persona \u00fanica, diferent, amb una gran intel\u00b7lig\u00e8ncia natural. El seu cap no parava mai, deia les coses tal com les veia (normalment encertava) i patia i feia patir. La seva personalitat es form\u00e0 amb una vida que li va ser dura. A poc de casada, va emmalaltir el seu marit a qui cuid\u00e0 molts anys d\u2019una dif\u00edcil malaltia mentre criava la filleta cosint peces tot el dia. La filla, el seu gran amor, per la que sempre bateg\u00e0 el seu cor i els seus esfor\u00e7os fins a veure-la feli\u00e7ment casada. Nom\u00e9s desitjava veure la felicitat de la nova fam\u00edlia amb les netes que han sigut el seu regal despr\u00e9s de tanta lluita.<\/p>\n<p>Era feli\u00e7 amb poca cosa. Ara tenia una gateta que li feia companyia, per\u00f2 el que realment gaudia era de la seva casa amb els mobles i les seves col\u00b7leccions de nines, mussols, llibres, televisors, flors&#8230; i sobretot la finestra del carrer per on veia passar la poca gent que no s\u2019aturaven i amb qui hauria volgut parlar.<\/p>\n<p>Avui que tothom enveja tenir m\u00e9s del que te, \u00e9s un exemple veure una persona que li agrada tant la seva casa, que la gaudeix i no en vol marxar.<\/p>\n<p>Una dona especial, irrepetible, et trobarem a faltar.<\/p>\n<p>Gr\u00e0cies pel teu exemple i la teva estimaci\u00f3.<\/p>\n<p><strong>M. Teresa Relat<\/strong><\/p>\n<p>Sabadell 9 de Febrer 2022<\/p>\n<p>&nbsp;<\/p>\n<hr \/>\n<h2>\u00a0<\/h2>\n<h2><strong>Poema (de la seva neta Sofia)<\/strong><\/h2>\n<p>Siento que me ha corrompido<\/p>\n<p>la neblina de una injusticia psic\u00f3tica<\/p>\n<p>pero los campos de lirios ahora plantados<\/p>\n<p>que despiden a un alma \u00fanica y fuerte<span class=\"Apple-converted-space\">\u00a0<\/span><\/p>\n<p>eran visitados las tierras \u00e1ridas por tormentas<\/p>\n<p>y recuerdos de sol, risas y momentos esenciales<\/p>\n<p>esos momentos han regado estos campos,<span class=\"Apple-converted-space\">\u00a0<\/span><\/p>\n<p>junto con perlas y sollozos de corazones apenados<\/p>\n<p>pues el tuyo ya no late.<\/p>\n<p>&nbsp;<\/p>\n<p>Siento que te he echado de menos en vida,<\/p>\n<p>pues los celos de un alma confundida<\/p>\n<p>nos privaron de tu cobijo, te a\u00f1oro<\/p>\n<p><span class=\"Apple-converted-space\">\u00a0\u00a0 <\/span>eras luz, entre sombras suspirabas<\/p>\n<p>y lamento no haberte hecho brillar todo lo que te merec\u00edas.<\/p>\n<p>Cual mu\u00f1eca de porcelana agrietada<\/p>\n<p>camino por tu campo de lirios<\/p>\n<p>sin fuerza, apagada, contando mis penas a tus flores<\/p>\n<p>qu\u00e9 har\u00e1 el mundo sin tu fuerza que tumbaba muros,<\/p>\n<p>qu\u00e9 har\u00e1 tu casa sin la calefacci\u00f3n y las tortillas<\/p>\n<p>qu\u00e9 har\u00e9 yo sin tus consejos, conspiraciones y risas\u2026<\/p>\n<p>&nbsp;<\/p>\n<hr \/>\n<p>&nbsp;<\/p>\n<p>Una concha espesa la marea<\/p>\n<p>para emprender el viaje sin mochila de socorro<\/p>\n<p>con burbujas verde oscuro, olvida su presente<\/p>\n<p>todo se convierte en una pel\u00edcula, no es real.<\/p>\n<p>Espero que el pez de las cinco<\/p>\n<p>aquel que le rob\u00f3 el anzuelo del latido cansado<\/p>\n<p>lo pesque el m\u00e1s malvado de los pescadores<\/p>\n<p>o lo devore engullido la ballena justa.<\/p>\n<p>&nbsp;<\/p>\n<p>Ahora en mi viaje de duelo floto<\/p>\n<p>viendo reflejado en el azul turquesa<\/p>\n<p>esas escenas tan bellas de la pel\u00edcula de mi caracola<\/p>\n<p>y t\u00fa, espuma, sigues brillando con el sol y la marea<\/p>\n<p>sigues brillando en mi pel\u00edcula, ojal\u00e1 borrar el pez<\/p>\n<p>ojal\u00e1 matar a la muerte y que la muerte no mate<\/p>\n<p>son las cinco, dejad de rodar esta escena, no figura en el gui\u00f3n<\/p>\n<p>inesperada, insaciable marea, viaje de espuma, vuelve sirena!<\/p>\n<p>&nbsp;<\/p>\n<hr \/>\n<p><span class=\"Apple-converted-space\">\u00a0<\/span><\/p>\n<p>Como alma cual gaviota ahora vuelas<\/p>\n<p>Como yaya cual girasol siempre mirabas por tus soles<\/p>\n<p>Como madre no pod\u00edas querer m\u00e1s a tu flor<\/p>\n<p>Siempre has sido \u00fanica, me llevo veranos<\/p>\n<p>Me llevo tardes de gaseosa y comidas de banquete<\/p>\n<p>Me llevo conspiraciones de risa y buenos consejos<\/p>\n<p>Eras luz yaya, la protagonista de la pel\u00edcula<\/p>\n<p>Siempre en mi recuerdo, te quiero.<\/p>\n","protected":false},"excerpt":{"rendered":"<p>Ara ens toca dir ad\u00e9u a la Montse, una cosa que em pensava que mai arribaria. Era tan vital, era tanta Montse&#8230; Jo l\u2019estimava molt, crec que ella tamb\u00e9 a [&hellip;]<\/p>\n","protected":false},"author":1,"featured_media":7355,"comment_status":"closed","ping_status":"closed","sticky":false,"template":"","format":"standard","meta":{"footnotes":""},"categories":[5],"tags":[],"class_list":["post-7338","post","type-post","status-publish","format-standard","has-post-thumbnail","hentry","category-noticies"],"_links":{"self":[{"href":"https:\/\/donesesglesia.cat\/wp_cde\/wp-json\/wp\/v2\/posts\/7338","targetHints":{"allow":["GET"]}}],"collection":[{"href":"https:\/\/donesesglesia.cat\/wp_cde\/wp-json\/wp\/v2\/posts"}],"about":[{"href":"https:\/\/donesesglesia.cat\/wp_cde\/wp-json\/wp\/v2\/types\/post"}],"author":[{"embeddable":true,"href":"https:\/\/donesesglesia.cat\/wp_cde\/wp-json\/wp\/v2\/users\/1"}],"replies":[{"embeddable":true,"href":"https:\/\/donesesglesia.cat\/wp_cde\/wp-json\/wp\/v2\/comments?post=7338"}],"version-history":[{"count":7,"href":"https:\/\/donesesglesia.cat\/wp_cde\/wp-json\/wp\/v2\/posts\/7338\/revisions"}],"predecessor-version":[{"id":7358,"href":"https:\/\/donesesglesia.cat\/wp_cde\/wp-json\/wp\/v2\/posts\/7338\/revisions\/7358"}],"wp:featuredmedia":[{"embeddable":true,"href":"https:\/\/donesesglesia.cat\/wp_cde\/wp-json\/wp\/v2\/media\/7355"}],"wp:attachment":[{"href":"https:\/\/donesesglesia.cat\/wp_cde\/wp-json\/wp\/v2\/media?parent=7338"}],"wp:term":[{"taxonomy":"category","embeddable":true,"href":"https:\/\/donesesglesia.cat\/wp_cde\/wp-json\/wp\/v2\/categories?post=7338"},{"taxonomy":"post_tag","embeddable":true,"href":"https:\/\/donesesglesia.cat\/wp_cde\/wp-json\/wp\/v2\/tags?post=7338"}],"curies":[{"name":"wp","href":"https:\/\/api.w.org\/{rel}","templated":true}]}}