{"id":7301,"date":"2022-02-03T19:28:24","date_gmt":"2022-02-03T18:28:24","guid":{"rendered":"http:\/\/donesesglesia.cat\/wp_cde\/?p=7301"},"modified":"2022-02-03T19:29:19","modified_gmt":"2022-02-03T18:29:19","slug":"taller-i-video-de-treball-per-al-sinode-internacional-de-dones","status":"publish","type":"post","link":"https:\/\/donesesglesia.cat\/wp_cde\/taller-i-video-de-treball-per-al-sinode-internacional-de-dones\/","title":{"rendered":"Taller i v\u00eddeo de treball per al S\u00ednode Internacional de Dones"},"content":{"rendered":"<h3>En el marc del s\u00ednode internacional de dones organitzat per\u00a0<a href=\"https:\/\/www.catholicwomenscouncil.org\/\" target=\"_blank\" rel=\"noopener noreferrer\">Catholic Women Council<\/a>\u00a0(CWC), des d&#8217;Alcem la Veu ens hem comprom\u00e8s a treballar l&#8217;<strong>eix 1: <br \/>\nLa situaci\u00f3\u00a0de les dones a l&#8217;Esgl\u00e9sia.\u00a0 <\/strong><\/h3>\n<p>La manera de treballar aquest eix \u00e9s amb un taller i un v\u00eddeo, material que trobareu en aquests enlla\u00e7os:\u00a0<\/p>\n<p><a href=\"https:\/\/docs.google.com\/presentation\/d\/1gN5j18x7bYRri59odkcSR79LlowmpCkp\/edit?usp=sharing&amp;ouid=103236639044056727328&amp;rtpof=true&amp;sd=true\" target=\"_blank\" rel=\"noopener noreferrer\"><b>Taller<\/b><\/a><\/p>\n<p><a href=\"https:\/\/docs.google.com\/presentation\/d\/1gN5j18x7bYRri59odkcSR79LlowmpCkp\/edit?usp=sharing&amp;ouid=103236639044056727328&amp;rtpof=true&amp;sd=true\" target=\"_blank\" rel=\"noopener noreferrer\"><img loading=\"lazy\" decoding=\"async\" class=\"alignleft wp-image-7305\" src=\"http:\/\/donesesglesia.cat\/wp_cde\/wp-content\/uploads\/2022\/02\/taller-cwc.jpg\" alt=\"\" width=\"640\" height=\"359\" srcset=\"https:\/\/donesesglesia.cat\/wp_cde\/wp-content\/uploads\/2022\/02\/taller-cwc.jpg 960w, https:\/\/donesesglesia.cat\/wp_cde\/wp-content\/uploads\/2022\/02\/taller-cwc-300x168.jpg 300w, https:\/\/donesesglesia.cat\/wp_cde\/wp-content\/uploads\/2022\/02\/taller-cwc-768x431.jpg 768w, https:\/\/donesesglesia.cat\/wp_cde\/wp-content\/uploads\/2022\/02\/taller-cwc-136x77.jpg 136w\" sizes=\"auto, (max-width: 640px) 100vw, 640px\" \/><\/a><\/p>\n<p>&nbsp;<\/p>\n<p>&nbsp;<\/p>\n<p>&nbsp;<\/p>\n<p>&nbsp;<\/p>\n<p>&nbsp;<\/p>\n<p>&nbsp;<\/p>\n<p>&nbsp;<\/p>\n<p>&nbsp;<\/p>\n<p>&nbsp;<\/p>\n<p><a href=\"https:\/\/drive.google.com\/file\/d\/1o8JyXegCxlhFjW0L5nGvCRXPNtJBuFED\/view?usp=sharing\" target=\"_blank\" rel=\"noopener noreferrer\"><b>V\u00eddeo<\/b><\/a><\/p>\n<p><iframe loading=\"lazy\" src=\"https:\/\/drive.google.com\/file\/d\/1o8JyXegCxlhFjW0L5nGvCRXPNtJBuFED\/preview\" width=\"640\" height=\"360\"><\/iframe><\/p>\n<h4>Els terminis per retornar-nos les reflexions que sorgeixin dels tallers i els terminis generals s\u00f3n:<\/h4>\n<ul>\n<li><strong>16 de febrer<\/strong>: Ens envieu les fotografies i el resultat dels tallers (diapositives\u00a024, 31,32, 33 i 36) <br \/>\nHo teniu explicat amb detall a les \u00faltimes dues diapositives del document enlla\u00e7at.\u00a0<\/li>\n<li><strong>21 de febrer<\/strong>: Enviem el resum de\u00a0tots els tallers a la coordinaci\u00f3 internacional de CWC<\/li>\n<li><strong>8 mar\u00e7<\/strong>: Presentaci\u00f3 internacional\u00a0del document resum sobre l&#8217;eix 1.<\/li>\n<\/ul>\n","protected":false},"excerpt":{"rendered":"<p>En el marc del s\u00ednode internacional de dones organitzat per\u00a0Catholic Women Council\u00a0(CWC), des d&#8217;Alcem la Veu ens hem comprom\u00e8s a treballar l&#8217;eix 1: La situaci\u00f3\u00a0de les dones a l&#8217;Esgl\u00e9sia.\u00a0 La [&hellip;]<\/p>\n","protected":false},"author":1,"featured_media":7313,"comment_status":"closed","ping_status":"closed","sticky":false,"template":"","format":"standard","meta":{"footnotes":""},"categories":[13,5],"tags":[],"class_list":["post-7301","post","type-post","status-publish","format-standard","has-post-thumbnail","hentry","category-activitats-recomanades","category-noticies"],"_links":{"self":[{"href":"https:\/\/donesesglesia.cat\/wp_cde\/wp-json\/wp\/v2\/posts\/7301","targetHints":{"allow":["GET"]}}],"collection":[{"href":"https:\/\/donesesglesia.cat\/wp_cde\/wp-json\/wp\/v2\/posts"}],"about":[{"href":"https:\/\/donesesglesia.cat\/wp_cde\/wp-json\/wp\/v2\/types\/post"}],"author":[{"embeddable":true,"href":"https:\/\/donesesglesia.cat\/wp_cde\/wp-json\/wp\/v2\/users\/1"}],"replies":[{"embeddable":true,"href":"https:\/\/donesesglesia.cat\/wp_cde\/wp-json\/wp\/v2\/comments?post=7301"}],"version-history":[{"count":11,"href":"https:\/\/donesesglesia.cat\/wp_cde\/wp-json\/wp\/v2\/posts\/7301\/revisions"}],"predecessor-version":[{"id":7314,"href":"https:\/\/donesesglesia.cat\/wp_cde\/wp-json\/wp\/v2\/posts\/7301\/revisions\/7314"}],"wp:featuredmedia":[{"embeddable":true,"href":"https:\/\/donesesglesia.cat\/wp_cde\/wp-json\/wp\/v2\/media\/7313"}],"wp:attachment":[{"href":"https:\/\/donesesglesia.cat\/wp_cde\/wp-json\/wp\/v2\/media?parent=7301"}],"wp:term":[{"taxonomy":"category","embeddable":true,"href":"https:\/\/donesesglesia.cat\/wp_cde\/wp-json\/wp\/v2\/categories?post=7301"},{"taxonomy":"post_tag","embeddable":true,"href":"https:\/\/donesesglesia.cat\/wp_cde\/wp-json\/wp\/v2\/tags?post=7301"}],"curies":[{"name":"wp","href":"https:\/\/api.w.org\/{rel}","templated":true}]}}