{"id":7294,"date":"2022-01-20T20:05:11","date_gmt":"2022-01-20T19:05:11","guid":{"rendered":"http:\/\/donesesglesia.cat\/wp_cde\/?p=7294"},"modified":"2022-02-03T20:22:24","modified_gmt":"2022-02-03T19:22:24","slug":"celebracio-del-nadal-del-cde","status":"publish","type":"post","link":"https:\/\/donesesglesia.cat\/wp_cde\/celebracio-del-nadal-del-cde\/","title":{"rendered":"Celebraci\u00f3 del Nadal del CDE"},"content":{"rendered":"<h3>Girona<\/h3>\n<h5>Pasq\u00fces Santes de Nadal<\/h5>\n<p><a href=\"http:\/\/donesesglesia.cat\/wp_cde\/wp-content\/uploads\/2022\/02\/nadal-girona.jpg\"><img loading=\"lazy\" decoding=\"async\" class=\"aligncenter  wp-image-7329\" src=\"http:\/\/donesesglesia.cat\/wp_cde\/wp-content\/uploads\/2022\/02\/nadal-girona.jpg\" alt=\"\" width=\"831\" height=\"352\" srcset=\"https:\/\/donesesglesia.cat\/wp_cde\/wp-content\/uploads\/2022\/02\/nadal-girona.jpg 1811w, https:\/\/donesesglesia.cat\/wp_cde\/wp-content\/uploads\/2022\/02\/nadal-girona-300x127.jpg 300w, https:\/\/donesesglesia.cat\/wp_cde\/wp-content\/uploads\/2022\/02\/nadal-girona-1024x434.jpg 1024w, https:\/\/donesesglesia.cat\/wp_cde\/wp-content\/uploads\/2022\/02\/nadal-girona-768x326.jpg 768w, https:\/\/donesesglesia.cat\/wp_cde\/wp-content\/uploads\/2022\/02\/nadal-girona-1536x651.jpg 1536w\" sizes=\"auto, (max-width: 831px) 100vw, 831px\" \/><\/a><\/p>\n<p>Aquest anys si !!! Un cop m\u00e9s&#8230; \u00a0hem celebrat el Nadal. I em direu: \u00a0quins escarafalls.. Nadal, clar!!! S\u2019ha de celebrar, i tant! Aquest anys m\u00e9s que mai; totes ben &#8220;punxadetes&#8221;, &#8220;distants&#8221; i amb carassetes (es a dir \u201cmascaretes\u201d).<\/p>\n<p>Hi \u00e9rem, al centre c\u00edvic: totes les que pod\u00edem ser-hi i la resta tamb\u00e9!!! Cadascuna en portava unes quantes al cor, al cap&#8230; les v\u00e0rem fer totes presents.<\/p>\n<p>Fou una vetllada amb can\u00e7ons, poemes, espirituosos, dol\u00e7os i abra\u00e7ades que ens van fer sentir Nadal al cor; plena d\u2019an\u00e8cdotes, de viv\u00e8ncies, de riures&#8230; al capdevall, una celebraci\u00f3 com les que ens agraden a Girona; per\u00f2 en petit comit\u00e8.<\/p>\n<p>Bon Nadal i millor any 2022 !!<\/p>\n<p>Per molts anys !!<\/p>\n<h3>\u00a0<\/h3>\n<h3>Barcelona<\/h3>\n<div>\n<p><a href=\"http:\/\/donesesglesia.cat\/wp_cde\/wp-content\/uploads\/2022\/02\/nadal-barcelona_01.jpg\"><img loading=\"lazy\" decoding=\"async\" class=\"aligncenter  wp-image-7315\" src=\"http:\/\/donesesglesia.cat\/wp_cde\/wp-content\/uploads\/2022\/02\/nadal-barcelona_01.jpg\" alt=\"\" width=\"830\" height=\"487\" srcset=\"https:\/\/donesesglesia.cat\/wp_cde\/wp-content\/uploads\/2022\/02\/nadal-barcelona_01.jpg 1280w, https:\/\/donesesglesia.cat\/wp_cde\/wp-content\/uploads\/2022\/02\/nadal-barcelona_01-300x176.jpg 300w, https:\/\/donesesglesia.cat\/wp_cde\/wp-content\/uploads\/2022\/02\/nadal-barcelona_01-1024x601.jpg 1024w, https:\/\/donesesglesia.cat\/wp_cde\/wp-content\/uploads\/2022\/02\/nadal-barcelona_01-768x451.jpg 768w\" sizes=\"auto, (max-width: 830px) 100vw, 830px\" \/><\/a><\/p>\n<p>Estimades totes: El dia 13 d\u2019aquest mes v\u00e0rem tenir la trobada a Ca la Dona, per reflexionar juntes i celebrar l\u2019Advent amb joia, doncs El Nadal \u00e9s per a\u00a0 nosaltres tornar a viure l&#8217;experi\u00e8ncia del D\u00e9u, \u00a0PARE I MARE, que est\u00e0 en nosaltres en aquest cam\u00ed de la vida.<\/p>\n<p>Entre vacunes i d\u2019altres dificultats Com podeu veure a la fotografia, v\u00e0rem ser poques, per\u00f2 jo us asseguro que hi \u00e9reu TOTES, no en va faltar ni una.<\/p>\n<p>La felicitaci\u00f3 creada per la Piua, amb la nostre representant \u00a0amb l\u2019Infant als seus bra\u00e7os i trepitjant el COVID espero que sia una representaci\u00f3 prof\u00e8tica per l\u2019esdevenidor.<\/p>\n<p>Poc a poc anirem fent i ens ajudarem amb goig vers la recuperaci\u00f3 del nostre COL\u00b7LECTIU DE DONES EN L\u2019ESGL\u00c9SIA PER LA PARITAT.<\/p>\n<p>Una abra\u00e7ada per totes i cada una.\u00a0 Feli\u00e7 entrada del 2022.<\/p>\n<p><a href=\"http:\/\/donesesglesia.cat\/wp_cde\/wp-content\/uploads\/2022\/02\/nadal-barcelona_02.jpg\"><img loading=\"lazy\" decoding=\"async\" class=\"aligncenter  wp-image-7316\" src=\"http:\/\/donesesglesia.cat\/wp_cde\/wp-content\/uploads\/2022\/02\/nadal-barcelona_02.jpg\" alt=\"\" width=\"830\" height=\"487\" srcset=\"https:\/\/donesesglesia.cat\/wp_cde\/wp-content\/uploads\/2022\/02\/nadal-barcelona_02.jpg 1280w, https:\/\/donesesglesia.cat\/wp_cde\/wp-content\/uploads\/2022\/02\/nadal-barcelona_02-300x176.jpg 300w, https:\/\/donesesglesia.cat\/wp_cde\/wp-content\/uploads\/2022\/02\/nadal-barcelona_02-1024x601.jpg 1024w, https:\/\/donesesglesia.cat\/wp_cde\/wp-content\/uploads\/2022\/02\/nadal-barcelona_02-768x451.jpg 768w\" sizes=\"auto, (max-width: 830px) 100vw, 830px\" \/><\/a><\/p>\n<\/div>\n","protected":false},"excerpt":{"rendered":"<p>Girona Pasq\u00fces Santes de Nadal Aquest anys si !!! Un cop m\u00e9s&#8230; \u00a0hem celebrat el Nadal. I em direu: \u00a0quins escarafalls.. Nadal, clar!!! S\u2019ha de celebrar, i tant! Aquest anys [&hellip;]<\/p>\n","protected":false},"author":1,"featured_media":7333,"comment_status":"closed","ping_status":"closed","sticky":false,"template":"","format":"standard","meta":{"footnotes":""},"categories":[5],"tags":[],"class_list":["post-7294","post","type-post","status-publish","format-standard","has-post-thumbnail","hentry","category-noticies"],"_links":{"self":[{"href":"https:\/\/donesesglesia.cat\/wp_cde\/wp-json\/wp\/v2\/posts\/7294","targetHints":{"allow":["GET"]}}],"collection":[{"href":"https:\/\/donesesglesia.cat\/wp_cde\/wp-json\/wp\/v2\/posts"}],"about":[{"href":"https:\/\/donesesglesia.cat\/wp_cde\/wp-json\/wp\/v2\/types\/post"}],"author":[{"embeddable":true,"href":"https:\/\/donesesglesia.cat\/wp_cde\/wp-json\/wp\/v2\/users\/1"}],"replies":[{"embeddable":true,"href":"https:\/\/donesesglesia.cat\/wp_cde\/wp-json\/wp\/v2\/comments?post=7294"}],"version-history":[{"count":14,"href":"https:\/\/donesesglesia.cat\/wp_cde\/wp-json\/wp\/v2\/posts\/7294\/revisions"}],"predecessor-version":[{"id":7331,"href":"https:\/\/donesesglesia.cat\/wp_cde\/wp-json\/wp\/v2\/posts\/7294\/revisions\/7331"}],"wp:featuredmedia":[{"embeddable":true,"href":"https:\/\/donesesglesia.cat\/wp_cde\/wp-json\/wp\/v2\/media\/7333"}],"wp:attachment":[{"href":"https:\/\/donesesglesia.cat\/wp_cde\/wp-json\/wp\/v2\/media?parent=7294"}],"wp:term":[{"taxonomy":"category","embeddable":true,"href":"https:\/\/donesesglesia.cat\/wp_cde\/wp-json\/wp\/v2\/categories?post=7294"},{"taxonomy":"post_tag","embeddable":true,"href":"https:\/\/donesesglesia.cat\/wp_cde\/wp-json\/wp\/v2\/tags?post=7294"}],"curies":[{"name":"wp","href":"https:\/\/api.w.org\/{rel}","templated":true}]}}