{"id":7234,"date":"2021-12-08T11:36:01","date_gmt":"2021-12-08T10:36:01","guid":{"rendered":"http:\/\/donesesglesia.cat\/wp_cde\/?p=7234"},"modified":"2021-12-08T11:36:01","modified_gmt":"2021-12-08T10:36:01","slug":"entrevista-a-roser-sole-besteiro","status":"publish","type":"post","link":"https:\/\/donesesglesia.cat\/wp_cde\/entrevista-a-roser-sole-besteiro\/","title":{"rendered":"Entrevista a Roser Sol\u00e9 Besteiro"},"content":{"rendered":"<h5>Miembro de la Asociaci\u00f3n de Te\u00f3logas Espa\u00f1olas y profesora de teolog\u00eda en ISCREB<\/h5>\n<h2>Roser Sol\u00e9 Besteiro: \u201cNos duele a todos, hombres y mujeres, la lentitud con la que la Iglesia quiere avanzar\u201d<\/h2>\n<p><a href=\"https:\/\/www.religiondigital.org\/mundo\/Roser-Sole-Besteiro-lentitud-Iglesia-igualdad-hombres-mujeres-futuro_0_2398860103.html\" target=\"_blank\" rel=\"noopener noreferrer\">Entrevista de Jordi Pacheco publicada a\u00a0<em>Religi\u00f3n Digital<\/em> (28 de novembre, 2021)<\/a><\/p>\n<div style=\"width: 670px\" class=\"wp-caption alignnone\"><img loading=\"lazy\" decoding=\"async\" src=\"https:\/\/www.religiondigital.org\/2021\/11\/23\/solidaridad\/Roser-Sole-Besteiro_2398870111_15811595_660x371.jpg\" alt=\"Roser Sol\u00e9 Besteiro. Foto: Josep Losada\" width=\"660\" height=\"371\" data-orig=\"\/2021\/11\/23\/solidaridad\/Roser-Sole-Besteiro_2398870111_15811595_660x371.jpg\" data-orig-dim=\"660x371\" data-src=\"\/2021\/11\/23\/solidaridad\/Roser-Sole-Besteiro_2398870111_15811595_660x371.jpg\" \/><p class=\"wp-caption-text\">Roser Sol\u00e9 Besteiro. Foto: Josep Losada<\/p><\/div>\n<p>&nbsp;<\/p>\n<h3>&#8220;El papa ha dado pasos que hasta hace poco nos parec\u00edan impensables, gestos muy importantes que deber\u00edan fijar el camino, pero nadie nos asegura que otros papas, o la curia vaticana, piensen igual, que lo hayan aprobado y que sigan por el mismo camino marcado por Francisco&#8221;<\/h3>\n<h3>&#8220;Pido a Dios que realmente seamos Iglesia en sinodalidad, no que el S\u00ednodo sea un evento m\u00e1s&#8221;<\/h3>\n<h3>&#8220;Si no hay cambios importantes, me imagino en un futuro templos llenos de cabezas blancas y mandada por los varones; aquellos templos de los que hablaba Nietzsche como tumbas del \u201cDios muerto\u201d<\/h3>\n<h3>&#8220;La ordenaci\u00f3n sacerdotal de las mujeres es un tema clave que no se trata directamente en los seminarios, tampoco en las facultades de teolog\u00eda, ni de Espa\u00f1a, ni de Catalu\u00f1a; en las parroquias, en ninguna homil\u00eda (hasta donde yo s\u00e9) se habla directamente del problema, algunos sacerdotes lo hacen pero muy bajito&#8221;<\/h3>\n<p>&nbsp;<\/p>\n<p>28.11.2021 \u00a0<a href=\"https:\/\/www.religiondigital.org\/jordi_pacheco\/\">Jordi Pacheco<\/a><\/p>\n<p>La biblista catalana N\u00faria Calduch, la religiosa francesa Natalie Becquart o la monja franciscana italiana Rafaela Petrini. Son algunas de las mujeres cuyos nombres han resonado con fuerza en este 2021 tras ser nombradas por el papa Francisco para ocupar cargos de relevancia en el Vaticano. Pero, \u00bfqu\u00e9 significan realmente estos nombramientos? <strong class=\"mce\">\u00bfEst\u00e1 la Iglesia avanzando con la velocidad que reclaman los colectivos que, de un tiempo a esta parte, han alzado su voz para reclamar la plena igualdad de derechos entre hombres y mujeres en la Iglesia?<\/strong> Hablamos de estas y otras cuestiones con <strong class=\"mce\">Roser Sol\u00e9 Besteiro<\/strong>, miembro de la <a href=\"https:\/\/www.asociaciondeteologas.org\/\">Asociaci\u00f3n de Te\u00f3logas Espa\u00f1olas <\/a>y profesora de teolog\u00eda de los seminarios que organiza el colectivo de \u2018Dones en l\u2019Esgl\u00e9sia\u2019 y de Teolog\u00eda de las Religiones en el <a href=\"https:\/\/www.iscreb.org\/es\">ISCREB<\/a>.<\/p>\n<p><strong>\u00bfC\u00f3mo hemos de interpretar los nombramientos de mujeres al frente de importantes cargos del Vaticano durante este 2021? Seg\u00fan usted, estos movimientos en s\u00ed no son suficientes.<\/strong><\/p>\n<p>Cualquier gesto que provenga del Vaticano que suponga un peque\u00f1o reconocimiento p\u00fablico de las mujeres y de su capacidad para ocupar un puesto de responsabilidad, es importante. Hemos estado, estamos a\u00fan, tan silenciadas, que un peque\u00f1o gesto es un paso hacia adelante. Lo es por dos motivos, al menos: el primero y m\u00e1s importante es el de introducir otras voces distintas a las de los varones en todos los \u00e1mbitos de la comunidad eclesial porque, hasta el momento, y en general, casi solo se piensa y se oye en masculino.<\/p>\n<p class=\"mce\">En segundo lugar, por pedagog\u00eda educativa, para que todo el \u201cpueblo de Dios\u201d se acostumbre a ver mujeres \u2014con voz y voto\u2014 en las mesas donde se toman las decisiones, y que hombres y mujeres se acostumbren a ver mujeres en el altar, no solo como lectoras, directoras de canto o que distribuyan la comuni\u00f3n, sino tambi\u00e9n como predicadoras u otras funciones, para ir caminando, todos juntos, hacia la igualdad ministerial. Ser\u00eda una buena manera para que todas las mujeres se creyeran dignas de tales oficios y pudiesen entender que no se trata de una cuesti\u00f3n de sexo sino de g\u00e9nero.<\/p>\n<div style=\"width: 677px\" class=\"wp-caption alignnone\"><img loading=\"lazy\" decoding=\"async\" src=\"https:\/\/www.religiondigital.org\/2021\/03\/09\/vaticano\/Nuria-Calduch-Pontificia-Comision-Biblica_2321177895_15386893_667x375.jpg\" alt=\"El Papa nombra a la espa\u00f1ola Nuria Calduch secretaria de la Pontificia Comisi\u00f3n B\u00edblica\" width=\"667\" height=\"375\" data-orig=\"\/2021\/03\/09\/vaticano\/Nuria-Calduch-Pontificia-Comision-Biblica_2321177895_15386893_667x375.jpg\" data-orig-dim=\"667x375\" data-src=\"\/2021\/03\/09\/vaticano\/Nuria-Calduch-Pontificia-Comision-Biblica_2321177895_15386893_667x375.jpg\" data-gal=\"0\" data-index=\"0\" \/><p class=\"wp-caption-text\">El Papa nombra a la espa\u00f1ola Nuria Calduch secretaria de la Pontificia Comisi\u00f3n B\u00edblica<\/p><\/div>\n<p>&nbsp;<\/p>\n<p><strong>Cito a Cristina Inog\u00e9s, en declaraciones recientes: \u201cQue [Nathalie] Becquart haya sido nombrada Secretaria General del S\u00ednodo con derecho a voto, que haya mujeres en la comisiones preparatorias o que yo misma tenga un momento de protagonismo al guiar parte de la meditaci\u00f3n no hay que verlo como un triunfo de las mujeres o un \u00e9xito de la lucha feminista en la Iglesia\u201d. \u00bfEst\u00e1 de acuerdo con esta afirmaci\u00f3n, entonces?<\/strong><\/p>\n<p>Si es as\u00ed, no me queda otra que decir \u201cgracias Papa Francisco porque has escuchado la voz del Esp\u00edritu Santo por encima y m\u00e1s all\u00e1 de lo que las mismas mujeres te han mostrado; incluso sin tener en consideraci\u00f3n que, quiz\u00e1, el mismo Esp\u00edritu ha guiado a las mujeres para hacerse escuchar en la Iglesia\u201d. Y a partir de ahora ya no es necesario que salgamos a la calle, ni que nos preparemos, ni que recemos para que este pueblo \u201cduro de cerviz\u201d sea escuchado por el Se\u00f1or.<\/p>\n<p>No obstante, somos muchas las que pensamos que detr\u00e1s de nosotras hay una buena genealog\u00eda de mujeres que han luchado de verdad (estudiado lenguas b\u00edblicas para no tener que depender de las traducciones de los varones; cuando los eclesi\u00e1sticos les han abierto las puertas, han llenado las facultades de teolog\u00eda; se han preparado para ser profesoras de teolog\u00eda; han organizado seminarios, cursos, congresos, para formar a las bases; se han manifestado por las calles o se han plantado delante de sus respectivas catedrales con s\u00edmbolos morados; se ha rezado, se ha rezado mucho, para que el Esp\u00edritu Santo, la Santa Ruah, abrieran la mente y los corazones de los eclesi\u00e1sticos para que descubrieran hacia d\u00f3nde debe apuntar la Iglesia para que sea luz y sal para el mundo de hoy\u2026. Se necesita m\u00e1s espacio para dar cabida a todos los etc. que se pueden poner).\u00a0<\/p>\n<p>En este esfuerzo y trabajo nos han ayudado tambi\u00e9n los hombres: muchos seglares, sacerdotes menos, y muy muy pocos purpurados. Si seguimos en la brecha es gracias a la fuerza del Esp\u00edritu que nos mantiene con toda su profundidad en la fidelidad al mensaje del Jes\u00fas del Evangelio; nuestra fuerza se funda en este mensaje, no en leyes ni prohibiciones.<\/p>\n<p>Ya sabemos, Cristina, que todo es don, pero si t\u00fa no te hubieses preparado, la Iglesia no te habr\u00eda llamado para este servicio.<\/p>\n<div style=\"width: 677px\" class=\"wp-caption alignnone\"><img loading=\"lazy\" decoding=\"async\" src=\"https:\/\/www.religiondigital.org\/2021\/10\/09\/mundo\/Cristina-Inoges-abre-Sinodo_2385371447_15748992_667x375.png\" alt=\"Cristina Inog\u00e9s abre el S\u00ednodo\" width=\"667\" height=\"375\" data-orig=\"\/2021\/10\/09\/mundo\/Cristina-Inoges-abre-Sinodo_2385371447_15748992_667x375.png\" data-orig-dim=\"667x375\" data-src=\"\/2021\/10\/09\/mundo\/Cristina-Inoges-abre-Sinodo_2385371447_15748992_667x375.png\" data-gal=\"0\" data-index=\"1\" \/><p class=\"wp-caption-text\">Cristina Inog\u00e9s abre el S\u00ednodo<\/p><\/div>\n<p>&nbsp;<\/p>\n<p><strong>Usted sostiene que ser\u00e1n necesarias comunidades cristianas lideradas por hombres o mujeres donde ellas puedan presidir la eucarist\u00eda, si es preciso. \u00bfLo ve factible, digamos a medio plazo?<\/strong><\/p>\n<p class=\"mce\">En el futuro, creo que esto ser\u00e1 lo normal (y no solo por si es preciso, como en el caso de Ludmila Javorova). Una Iglesia de iguales debe estar convencida de la igualdad en dignidad y funciones (aquellas que no se derivan exclusivamente del sexo). Es verdad que no tod@s valemos para todo; no todos los varones son sacerdotes, ni lo ser\u00e1n todas las mujeres.<\/p>\n<p class=\"mce\">Supongo que la pregunta apunta a la ordenaci\u00f3n sacerdotal de las mujeres. El problema est\u00e1, a mi parecer, en la fundamentaci\u00f3n de la negaci\u00f3n de la posibilidad de la ordenaci\u00f3n, y este no es el espacio m\u00e1s id\u00f3neo para entrar en los argumentos. Es un tema clave que no se trata directamente en los seminarios, tampoco en las facultades de teolog\u00eda, ni de Espa\u00f1a, ni de Catalu\u00f1a; en las parroquias, en ninguna homil\u00eda (hasta donde yo s\u00e9) se habla directamente del problema, algunos sacerdotes lo hacen pero muy bajito y con generalizaciones que a veces ni se entienden; no hay ninguna plegaria en las misas que haga referencia a la ordenaci\u00f3n de las mujeres solo se pide que el Esp\u00edritu suscite la vocaci\u00f3n sacerdotal en los j\u00f3venes, en lugar, quiz\u00e1 de pedir que abra la mentalidad de los hombres de la Iglesia para que descubran all\u00ed donde hay vocaciones. Para las mujeres se reserva lo que ahora se llama una vida consagrada. Y las religiosas pueden estar contentas porque ahora ya pueden rezar Laudes y V\u00edsperas, que antes deb\u00edan conformarse con el \u201cOficio Parvo\u201d. Alguno dir\u00e1: \u201cpero de eso ya hace muchos a\u00f1os, se va avanzando\u201d.<\/p>\n<p>A partir de aqu\u00ed, no veo factible, ni a medio plazo, que las mujeres puedan presidir una eucarist\u00eda. Y contentas estar\u00e1n muchas si toda la inmensa cantidad de horas que se han destinado y se destinan al estudio del diaconado femenino llega a un final feliz. Es evidente que me refiero al diaconado permanente.<\/p>\n<blockquote>\n<p>&#8220;No veo factible, ni a medio plazo, que las mujeres puedan presidir una eucarist\u00eda. Y contentas estar\u00e1n muchas si la inmensa cantidad de horas que se han destinado y se destinan al estudio del diaconado femenino llega a un final feliz&#8221;<\/p>\n<\/blockquote>\n<p><strong>Los colectivos que reclaman plena igualdad entre hombres y mujeres en la Iglesia desean, tal vez, que los cambios se produzcan con mayor rapidez. Sin embargo, a pesar de que la Iglesia se mueve con lentitud, los pasos que ha dado el papa Francisco suponen cambios sin precedentes y no han sido pocos. \u00bfQu\u00e9 opina?\u00a0<\/strong><\/p>\n<p class=\"mce\">Una te\u00f3loga espa\u00f1ola, hace ya bastantes a\u00f1os, empezaba una conferencia diciendo: \u201cMe duele la lentitud&#8230;\u201d\u00a0 Y s\u00ed, nos duele a todos, hombres y mujeres, la lentitud con la que la Iglesia quiere avanzar. El papa ha dado unos pasos que hasta hace poco nos parec\u00edan impensables, gestos muy importantes que deber\u00edan fijar el camino, pero nadie nos asegura que otros papas, o la curia vaticana,\u00a0 piensen igual, que lo hayan aprobado y que sigan por el mismo camino que Francisco ha marcado. Realmente ha sido valiente, pero no estoy segura de que hayan cambiado algunas leyes. Imagino los problemas que tendr\u00e1 \u00e9l para defender algunos de los pasos y rezo para que no le falte el valor y que la Santa Ruah le d\u00e9 la fuerza necesaria y muchos a\u00f1os de vida para que todos, hombres y mujeres, seamos capaces de vivir esta conversi\u00f3n a la que nos est\u00e1 llamando por los caminos de la sinodalidad.\u00a0<\/p>\n<p>Y pido a Dios que realmente seamos Iglesia en sinodalidad, no que el s\u00ednodo sea un evento m\u00e1s. Lo que me gustar\u00eda saber es c\u00f3mo se habla y se valoran estos pasos en los seminarios porque es all\u00ed donde se forman los seminaristas, los hombres que tendr\u00e1n el poder en la Iglesia y, sobre todo, en las parroquias, en el d\u00eda a d\u00eda\u2026 Adem\u00e1s, me gustar\u00eda saber si en su formaci\u00f3n (no una profesora de una asignatura) intervienen algunas mujeres, lo que ser\u00eda magn\u00edfico para ellos y para toda la Iglesia en general.<\/p>\n<div style=\"width: 677px\" class=\"wp-caption alignnone\"><img loading=\"lazy\" decoding=\"async\" src=\"https:\/\/www.religiondigital.org\/2021\/03\/01\/espana\/Neus-Forcano-Alcem-pronuncia-discurso_2318778128_15362153_667x375.jpg\" alt=\"Neus Forcano, de Alcem la veu, pronuncia su discurso el 8 de marzo de 2020.\" width=\"667\" height=\"375\" data-orig=\"\/2021\/03\/01\/espana\/Neus-Forcano-Alcem-pronuncia-discurso_2318778128_15362153_667x375.jpg\" data-orig-dim=\"667x375\" data-src=\"\/2021\/03\/01\/espana\/Neus-Forcano-Alcem-pronuncia-discurso_2318778128_15362153_667x375.jpg\" data-gal=\"0\" data-index=\"2\" \/><p class=\"wp-caption-text\">Neus Forcano, de Alcem la veu, pronuncia su discurso el 8 de marzo de 2020. \u00c8lia Llisterri<\/p><\/div>\n<p>&nbsp;<\/p>\n<p><strong>\u00bfC\u00f3mo se imagina la situaci\u00f3n de las mujeres en la Iglesia dentro de 100 a\u00f1os, cuando ni usted ni yo estemos aqu\u00ed?<\/strong><\/p>\n<p>Me falta la bola de la pitonisa para contestar\u2026. Si no hay cambios importantes, me imagino unos templos llenos de cabezas blancas y mandada por los varones; aquellos templos de los que hablaba Nietzsche como tumbas del \u201cDios muerto\u201d. Nuestros j\u00f3venes ya se habr\u00e1n ido\u2026 Prefiero pensar en una Iglesia capaz de entusiasmar, en la que se\u00f1orear\u00e1 el Cristo resucitado, comprometida de verdad con los pobres, con los desheredados de la tierra, desligada de las presiones pol\u00edticas, sin pelda\u00f1os para escalar puestos honor\u00edficos sino servidora\u2026 Gracias a Dios la Iglesia es rica en hombres y mujeres que realmente lo han dejado todo y podr\u00e1n pasar el \u201ctestigo\u201d a las generaciones futuras.\u00a0<\/p>\n<p>Conf\u00edo en la acci\u00f3n del Esp\u00edritu, aquella Iglesia que nos ha dado y sostiene la fe no puede abandonarnos, de esto estoy segura, Jes\u00fas envi\u00f3 a sus ap\u00f3stoles, hombres y mujeres, hasta el fin del mundo y no la abandonar\u00e1. Y las mujeres\u00a0 ya no tendr\u00e1n que desgastarse en luchas est\u00e9riles y sin sentido. Su lucha ser\u00e1 el trabajo de toda la Iglesia como testimonio del amor de Dios para toda la humanidad. Sus retos ser\u00e1n otros, pero yo no los puedo adivinar. Desde el cielo velar\u00e9 para que todos sean uno (ricos y pobres, hombres, mujeres y los LGTBX, y de cualquier pa\u00eds, raza o naci\u00f3n), buenos instrumentos de la bondad de la que yo ya estar\u00e9 gozando y que podremos compartir plenamente en una \u201ccomuni\u00f3n de los santos\u201d seg\u00fan la promesa del Se\u00f1or.<\/p>\n","protected":false},"excerpt":{"rendered":"<p>Miembro de la Asociaci\u00f3n de Te\u00f3logas Espa\u00f1olas y profesora de teolog\u00eda en ISCREB Roser Sol\u00e9 Besteiro: \u201cNos duele a todos, hombres y mujeres, la lentitud con la que la Iglesia [&hellip;]<\/p>\n","protected":false},"author":1,"featured_media":7245,"comment_status":"closed","ping_status":"closed","sticky":false,"template":"","format":"standard","meta":{"footnotes":""},"categories":[5],"tags":[],"class_list":["post-7234","post","type-post","status-publish","format-standard","has-post-thumbnail","hentry","category-noticies"],"_links":{"self":[{"href":"https:\/\/donesesglesia.cat\/wp_cde\/wp-json\/wp\/v2\/posts\/7234","targetHints":{"allow":["GET"]}}],"collection":[{"href":"https:\/\/donesesglesia.cat\/wp_cde\/wp-json\/wp\/v2\/posts"}],"about":[{"href":"https:\/\/donesesglesia.cat\/wp_cde\/wp-json\/wp\/v2\/types\/post"}],"author":[{"embeddable":true,"href":"https:\/\/donesesglesia.cat\/wp_cde\/wp-json\/wp\/v2\/users\/1"}],"replies":[{"embeddable":true,"href":"https:\/\/donesesglesia.cat\/wp_cde\/wp-json\/wp\/v2\/comments?post=7234"}],"version-history":[{"count":10,"href":"https:\/\/donesesglesia.cat\/wp_cde\/wp-json\/wp\/v2\/posts\/7234\/revisions"}],"predecessor-version":[{"id":7244,"href":"https:\/\/donesesglesia.cat\/wp_cde\/wp-json\/wp\/v2\/posts\/7234\/revisions\/7244"}],"wp:featuredmedia":[{"embeddable":true,"href":"https:\/\/donesesglesia.cat\/wp_cde\/wp-json\/wp\/v2\/media\/7245"}],"wp:attachment":[{"href":"https:\/\/donesesglesia.cat\/wp_cde\/wp-json\/wp\/v2\/media?parent=7234"}],"wp:term":[{"taxonomy":"category","embeddable":true,"href":"https:\/\/donesesglesia.cat\/wp_cde\/wp-json\/wp\/v2\/categories?post=7234"},{"taxonomy":"post_tag","embeddable":true,"href":"https:\/\/donesesglesia.cat\/wp_cde\/wp-json\/wp\/v2\/tags?post=7234"}],"curies":[{"name":"wp","href":"https:\/\/api.w.org\/{rel}","templated":true}]}}