{"id":7217,"date":"2021-11-16T12:17:57","date_gmt":"2021-11-16T11:17:57","guid":{"rendered":"http:\/\/donesesglesia.cat\/wp_cde\/?p=7217"},"modified":"2021-11-16T12:17:57","modified_gmt":"2021-11-16T11:17:57","slug":"manifest-del-dia-internacional-contra-la-violencia-de-genere","status":"publish","type":"post","link":"https:\/\/donesesglesia.cat\/wp_cde\/manifest-del-dia-internacional-contra-la-violencia-de-genere\/","title":{"rendered":"Manifest del Dia Internacional contra la Viol\u00e8ncia de G\u00e8nere"},"content":{"rendered":"<p><a href=\"http:\/\/donesesglesia.cat\/wp_cde\/wp-content\/uploads\/2021\/11\/25N_2021.jpg\"><img loading=\"lazy\" decoding=\"async\" class=\"aligncenter size-full wp-image-7218\" src=\"http:\/\/donesesglesia.cat\/wp_cde\/wp-content\/uploads\/2021\/11\/25N_2021.jpg\" alt=\"\" width=\"960\" height=\"360\" srcset=\"https:\/\/donesesglesia.cat\/wp_cde\/wp-content\/uploads\/2021\/11\/25N_2021.jpg 960w, https:\/\/donesesglesia.cat\/wp_cde\/wp-content\/uploads\/2021\/11\/25N_2021-300x113.jpg 300w, https:\/\/donesesglesia.cat\/wp_cde\/wp-content\/uploads\/2021\/11\/25N_2021-768x288.jpg 768w\" sizes=\"auto, (max-width: 960px) 100vw, 960px\" \/><\/a><\/p>\n<p><a href=\"http:\/\/donesesglesia.cat\/wp_cde\/wp-content\/uploads\/2021\/11\/manifest_2021-11-25.pdf\">Manifest en PDF<\/a><\/p>\n<p>Viol\u00e8ncia:<\/p>\n<p>&#8220;For\u00e7a o energia desplegada impetuosament&#8221;. &#8220;Ab\u00fas de la for\u00e7a.&#8221;<\/p>\n<p>Hi ha moltes classes de viol\u00e8ncies. Les dones i les criatures, arreu del m\u00f3n, en s\u00f3n les v\u00edctimes m\u00e9s nombroses.<\/p>\n<p>Hi ha viol\u00e8ncies molt clares, per exemple els assassinats, per\u00f2 n&#8217;hi ha de molt d\u00factils, que a penes es veuen, per\u00f2 que amb el temps van causant greus problemes psicol\u00f2gics que repercuteixen en la salut.<\/p>\n<p>La majoria de les viol\u00e8ncies sobre les dones i les criatures les causen els homes per una ra\u00f3 molt senzilla: perqu\u00e8 tenen m\u00e9s for\u00e7a f\u00edsica i perqu\u00e8 creuen que s\u00f3n els que han de tenir el poder sobre les dones i les criatures. Per aquest motiu, quan algunes dones es rebel\u00b7len, es volen divorciar o allunyar, simplement les maten. Ara, quan algun home mata o fa mal als fills s&#8217;anomena viol\u00e8ncia vic\u00e0ria.<\/p>\n<p>Despr\u00e9s ens trobem amb la viol\u00e8ncia de les Institucions.<\/p>\n<p>Quan els homes s\u00f3n els que tenen el poder dins dels governs i de les institucions, exerceixen aquest poder sobre les dones. No reconeixen els seus drets, que haurien de ser iguals als dels homes, i no les deixen assolir c\u00e0rrecs de responsabilitat, mantenint unes lleis que expl\u00edcitament diuen: les dones no poden accedir a &#8230;&#8230;&#8230;&#8230;&#8230;&#8230;&#8230;&#8230;.<\/p>\n<p>I no parlem del que passa en alguns pa\u00efsos d&#8217;Asia, Am\u00e8rica i Oceania, perqu\u00e8 de totes \u00e9s conegut.<\/p>\n<p>Qu\u00e8 podem fer per avan\u00e7ar en els nostres drets i assolir la plena igualtat de drets amb els homes? Congelar semen i matar-los a tots? Passar i anant fent la nostra?<\/p>\n<p>I si, com a Dones en l\u2019Esgl\u00e9sia, mir\u00e9ssim les Escriptures? Especialment l&#8217;Evangeli?<\/p>\n<p>Sembla que Jes\u00fas va tenir molta consideraci\u00f3 amb totes les dones de la seva vida i les va tractar com a iguals.<\/p>\n<p>En transc\u00f3rrer la hist\u00f2ria, el patriarcat ha llen\u00e7at molta pols sobre la hist\u00f2ria de les dones, fins<span class=\"Apple-converted-space\">\u00a0 <\/span>i tot de vegades els ha canviat el nom, com \u00e9s el cas d&#8217;alguna bisbessa.<\/p>\n<p>Creiem que hem de seguir reivindicant la igualtat de drets sense cansar-nos. Tenir paci\u00e8ncia i no caure en cap mena de viol\u00e8ncia, perqu\u00e8 nosaltres tamb\u00e9 podem exercir les viol\u00e8ncies i de vegades de les m\u00e9s sibil\u00b7lines. I estimar per sobre de tot. Estimar no vol dir acceptar viol\u00e8ncies grans o petites, vol dir ajudar als nostres germans a no ser violents i emp\u00e8nyer per tota mena de canvis de lleis i de costums; que quedi clara la igualtat de drets en totes les parelles, relacions entre joves, relacions amb les persones de m\u00e9s edat, i amb tots els estaments p\u00fablics i privats.<\/p>\n<p>Que el dia de la viol\u00e8ncia contra les dones ens faci reflexionar i buscar camins per poder portar una lluita pac\u00edfica per\u00f2 efica\u00e7.<\/p>\n<p><b> Col.lectiu de Dones en l\u2019Esgl\u00e9sia per la Paritat<br \/>\nNovembre del 2021<\/b><\/p>\n","protected":false},"excerpt":{"rendered":"<p>Manifest en PDF Viol\u00e8ncia: &#8220;For\u00e7a o energia desplegada impetuosament&#8221;. &#8220;Ab\u00fas de la for\u00e7a.&#8221; Hi ha moltes classes de viol\u00e8ncies. Les dones i les criatures, arreu del m\u00f3n, en s\u00f3n les [&hellip;]<\/p>\n","protected":false},"author":1,"featured_media":7218,"comment_status":"closed","ping_status":"closed","sticky":false,"template":"","format":"standard","meta":{"footnotes":""},"categories":[5],"tags":[],"class_list":["post-7217","post","type-post","status-publish","format-standard","has-post-thumbnail","hentry","category-noticies"],"_links":{"self":[{"href":"https:\/\/donesesglesia.cat\/wp_cde\/wp-json\/wp\/v2\/posts\/7217","targetHints":{"allow":["GET"]}}],"collection":[{"href":"https:\/\/donesesglesia.cat\/wp_cde\/wp-json\/wp\/v2\/posts"}],"about":[{"href":"https:\/\/donesesglesia.cat\/wp_cde\/wp-json\/wp\/v2\/types\/post"}],"author":[{"embeddable":true,"href":"https:\/\/donesesglesia.cat\/wp_cde\/wp-json\/wp\/v2\/users\/1"}],"replies":[{"embeddable":true,"href":"https:\/\/donesesglesia.cat\/wp_cde\/wp-json\/wp\/v2\/comments?post=7217"}],"version-history":[{"count":2,"href":"https:\/\/donesesglesia.cat\/wp_cde\/wp-json\/wp\/v2\/posts\/7217\/revisions"}],"predecessor-version":[{"id":7221,"href":"https:\/\/donesesglesia.cat\/wp_cde\/wp-json\/wp\/v2\/posts\/7217\/revisions\/7221"}],"wp:featuredmedia":[{"embeddable":true,"href":"https:\/\/donesesglesia.cat\/wp_cde\/wp-json\/wp\/v2\/media\/7218"}],"wp:attachment":[{"href":"https:\/\/donesesglesia.cat\/wp_cde\/wp-json\/wp\/v2\/media?parent=7217"}],"wp:term":[{"taxonomy":"category","embeddable":true,"href":"https:\/\/donesesglesia.cat\/wp_cde\/wp-json\/wp\/v2\/categories?post=7217"},{"taxonomy":"post_tag","embeddable":true,"href":"https:\/\/donesesglesia.cat\/wp_cde\/wp-json\/wp\/v2\/tags?post=7217"}],"curies":[{"name":"wp","href":"https:\/\/api.w.org\/{rel}","templated":true}]}}