{"id":7207,"date":"2021-11-16T11:06:25","date_gmt":"2021-11-16T10:06:25","guid":{"rendered":"http:\/\/donesesglesia.cat\/wp_cde\/?p=7207"},"modified":"2021-11-16T11:08:43","modified_gmt":"2021-11-16T10:08:43","slug":"pregaria-25-n-dia-internacional-per-la-lluita-contra-la-violencia-a-les-dones","status":"publish","type":"post","link":"https:\/\/donesesglesia.cat\/wp_cde\/pregaria-25-n-dia-internacional-per-la-lluita-contra-la-violencia-a-les-dones\/","title":{"rendered":"Preg\u00e0ria 25 N: Dia internacional per la lluita contra la viol\u00e8ncia a les dones"},"content":{"rendered":"<h3>Coordinadora de Dones Creients Alcem La Veu<\/h3>\n<h3><a href=\"http:\/\/donesesglesia.cat\/wp_cde\/wp-content\/uploads\/2021\/11\/pregaria-25N-2021_cartell.jpg\"><img loading=\"lazy\" decoding=\"async\" class=\"alignright  wp-image-7208\" src=\"http:\/\/donesesglesia.cat\/wp_cde\/wp-content\/uploads\/2021\/11\/pregaria-25N-2021_cartell.jpg\" alt=\"\" width=\"373\" height=\"528\" srcset=\"https:\/\/donesesglesia.cat\/wp_cde\/wp-content\/uploads\/2021\/11\/pregaria-25N-2021_cartell.jpg 990w, https:\/\/donesesglesia.cat\/wp_cde\/wp-content\/uploads\/2021\/11\/pregaria-25N-2021_cartell-212x300.jpg 212w, https:\/\/donesesglesia.cat\/wp_cde\/wp-content\/uploads\/2021\/11\/pregaria-25N-2021_cartell-724x1024.jpg 724w, https:\/\/donesesglesia.cat\/wp_cde\/wp-content\/uploads\/2021\/11\/pregaria-25N-2021_cartell-768x1086.jpg 768w\" sizes=\"auto, (max-width: 373px) 100vw, 373px\" \/><\/a>PREG\u00c0RIA 25N<\/h3>\n<p>El proper <strong>dijous<\/strong> <strong>25<\/strong> \u00e9s el <strong>Dia Internacional per la lluita contra la viol\u00e8ncia a les dones i les nenes<\/strong>. Nosaltres, com a col\u00b7lectiu que treballem pel respecte i la dignitat de les dones us convoquem el mateix <strong>25\u00a0de novembre a les\u00a017,30h a la Parr\u00f2quia de Santa Anna<\/strong> (C. Santa Anna 29, Barcelona), per fer una <strong>PREG\u00c0RIA<\/strong> i expressar la necessitat que <strong>tota<\/strong> <strong>l\u2019Esgl\u00e9sia<\/strong> es comprometi a la lluita contra totes les viol\u00e8ncies que pateixen i patim les dones i sigui constructora d\u2019una societat on tots els esser humans tinguem la dignitat de fills i filles de D\u00e9u.<\/p>\n<p>En sortir de la preg\u00e0ria anirem a la concentraci\u00f3 convocada al Passeig de Gr\u00e0cia\/Diagonal.<\/p>\n<p>No cal inscripci\u00f3 pr\u00e8via.<\/p>\n<p>M\u00e9s informaci\u00f3: <a href=\"https:\/\/www.alcemlaveu.org\/post\/preg\u00e0ria-25n\" target=\"_blank\" rel=\"noopener noreferrer\">Alcem la Veu<\/a><\/p>\n","protected":false},"excerpt":{"rendered":"<p>Coordinadora de Dones Creients Alcem La Veu PREG\u00c0RIA 25N El proper dijous 25 \u00e9s el Dia Internacional per la lluita contra la viol\u00e8ncia a les dones i les nenes. Nosaltres, [&hellip;]<\/p>\n","protected":false},"author":1,"featured_media":7209,"comment_status":"closed","ping_status":"closed","sticky":false,"template":"","format":"standard","meta":{"footnotes":""},"categories":[13,5],"tags":[],"class_list":["post-7207","post","type-post","status-publish","format-standard","has-post-thumbnail","hentry","category-activitats-recomanades","category-noticies"],"_links":{"self":[{"href":"https:\/\/donesesglesia.cat\/wp_cde\/wp-json\/wp\/v2\/posts\/7207","targetHints":{"allow":["GET"]}}],"collection":[{"href":"https:\/\/donesesglesia.cat\/wp_cde\/wp-json\/wp\/v2\/posts"}],"about":[{"href":"https:\/\/donesesglesia.cat\/wp_cde\/wp-json\/wp\/v2\/types\/post"}],"author":[{"embeddable":true,"href":"https:\/\/donesesglesia.cat\/wp_cde\/wp-json\/wp\/v2\/users\/1"}],"replies":[{"embeddable":true,"href":"https:\/\/donesesglesia.cat\/wp_cde\/wp-json\/wp\/v2\/comments?post=7207"}],"version-history":[{"count":7,"href":"https:\/\/donesesglesia.cat\/wp_cde\/wp-json\/wp\/v2\/posts\/7207\/revisions"}],"predecessor-version":[{"id":7216,"href":"https:\/\/donesesglesia.cat\/wp_cde\/wp-json\/wp\/v2\/posts\/7207\/revisions\/7216"}],"wp:featuredmedia":[{"embeddable":true,"href":"https:\/\/donesesglesia.cat\/wp_cde\/wp-json\/wp\/v2\/media\/7209"}],"wp:attachment":[{"href":"https:\/\/donesesglesia.cat\/wp_cde\/wp-json\/wp\/v2\/media?parent=7207"}],"wp:term":[{"taxonomy":"category","embeddable":true,"href":"https:\/\/donesesglesia.cat\/wp_cde\/wp-json\/wp\/v2\/categories?post=7207"},{"taxonomy":"post_tag","embeddable":true,"href":"https:\/\/donesesglesia.cat\/wp_cde\/wp-json\/wp\/v2\/tags?post=7207"}],"curies":[{"name":"wp","href":"https:\/\/api.w.org\/{rel}","templated":true}]}}