{"id":7177,"date":"2021-10-29T19:11:47","date_gmt":"2021-10-29T17:11:47","guid":{"rendered":"http:\/\/donesesglesia.cat\/wp_cde\/?p=7177"},"modified":"2021-10-29T19:15:05","modified_gmt":"2021-10-29T17:15:05","slug":"jornada-de-la-xip-xarxa-interreligiosa-per-la-pau","status":"publish","type":"post","link":"https:\/\/donesesglesia.cat\/wp_cde\/jornada-de-la-xip-xarxa-interreligiosa-per-la-pau\/","title":{"rendered":"Jornada de la XIP (Xarxa Interreligiosa per la Pau)"},"content":{"rendered":"<h3><a href=\"http:\/\/donesesglesia.cat\/wp_cde\/wp-content\/uploads\/2021\/10\/FEMxip.jpg\"><img loading=\"lazy\" decoding=\"async\" class=\"aligncenter size-full wp-image-7180\" src=\"http:\/\/donesesglesia.cat\/wp_cde\/wp-content\/uploads\/2021\/10\/FEMxip.jpg\" alt=\"\" width=\"960\" height=\"426\" srcset=\"https:\/\/donesesglesia.cat\/wp_cde\/wp-content\/uploads\/2021\/10\/FEMxip.jpg 960w, https:\/\/donesesglesia.cat\/wp_cde\/wp-content\/uploads\/2021\/10\/FEMxip-300x133.jpg 300w, https:\/\/donesesglesia.cat\/wp_cde\/wp-content\/uploads\/2021\/10\/FEMxip-768x341.jpg 768w\" sizes=\"auto, (max-width: 960px) 100vw, 960px\" \/><\/a><\/h3>\n<h3><strong>Jornada de la XIP (XARXA INTERRELIGIOSA PER LA PAU)<\/strong><\/h3>\n<h3>El\u00a06 novembre de 10h a 13.30h al local de Ronda Barcelona: C\/Consell de\u00a0<strong>Cent 382\u00a0<\/strong>convoquem la 4a Jornada de la XIP amb el tema: L&#8217;ACCI\u00d3 SOCIAL DES DE L&#8217;ESPIRITUALITAT, UN CAM\u00cd DE PAU<\/h3>\n<p><strong>L&#8217;objectiu de la Jornada<\/strong> es compartir\u00a0 diverses accions socials impulsades per comunitats religioses i espirituals, des de la seva tradici\u00f3 espiritual i per posar els bases per una xarxa d&#8217;ajuda m\u00fatua entre comunitats implicades en la transformaci\u00f3 social en favor dels m\u00e9s desvalguts i en la construcci\u00f3 de la pau quotidiana.<\/p>\n<p>S\u2019exposaran uns<strong> Murals d\u2019experi\u00e8ncies d\u2019acci\u00f3 social <\/strong>amb participants de diverses entitats i de tradicions religioses i espirituals diferents.<\/p>\n<p>Despr\u00e9s hi haur\u00e0 una<strong> Taula Rodona<\/strong> en la qual es parlar\u00e0 de les motivacions de les diverses accions socials dutes a terme, per\u00a0 la Comunitat Sij del Raval; l\u2019esgl\u00e9sia evang\u00e8lica del Carrer Terol; l\u2019 Hospital de Campanya de Santa Anna; la Plataforma d&#8217;entitats cristianes amb els immigrants; l&#8217;atenci\u00f3 als infants de la Fundaci\u00f3 La Vinya de Bellvitge-Gornal; DISA (Distribuci\u00f3 Solid\u00e0ria d&#8217;Aliments de l&#8217;Arxiprestat de Trinitat-Roquetes) i el voluntariat penitenciari de Just\u00edcia i Pau.<\/p>\n<p>Acabarem amb<strong> Treball per grups <\/strong>tot relacionant la pau, l&#8217;espiritualitat, l\u2019acci\u00f3 social envers els m\u00e9s vulnerables, amb la igualtat de g\u00e8nere i l\u2019ecologia, arribant a propostes concretes.<\/p>\n<p><strong>CAL INSCRIURE&#8217;S I ENCARA HI ETS A TEMPS!<\/strong><\/p>\n<p>Inscripci\u00f3 i informaci\u00f3: <a href=\"https:\/\/www.justiciaipau.org\/agenda\/3a-jornada-xarxa-interreligiosa-pau\" target=\"_blank\" rel=\"noopener noreferrer\">https:\/\/www.justiciaipau.org\/agenda\/3a-jornada-xarxa-interreligiosa-pau<\/a><\/p>\n<p><a href=\"http:\/\/donesesglesia.cat\/wp_cde\/wp-content\/uploads\/2021\/10\/jornada-xip.jpg\"><img loading=\"lazy\" decoding=\"async\" class=\"aligncenter size-full wp-image-7179\" src=\"http:\/\/donesesglesia.cat\/wp_cde\/wp-content\/uploads\/2021\/10\/jornada-xip.jpg\" alt=\"\" width=\"990\" height=\"1400\" srcset=\"https:\/\/donesesglesia.cat\/wp_cde\/wp-content\/uploads\/2021\/10\/jornada-xip.jpg 990w, https:\/\/donesesglesia.cat\/wp_cde\/wp-content\/uploads\/2021\/10\/jornada-xip-212x300.jpg 212w, https:\/\/donesesglesia.cat\/wp_cde\/wp-content\/uploads\/2021\/10\/jornada-xip-724x1024.jpg 724w, https:\/\/donesesglesia.cat\/wp_cde\/wp-content\/uploads\/2021\/10\/jornada-xip-768x1086.jpg 768w\" sizes=\"auto, (max-width: 990px) 100vw, 990px\" \/><\/a><\/p>\n","protected":false},"excerpt":{"rendered":"<p>Jornada de la XIP (XARXA INTERRELIGIOSA PER LA PAU) El\u00a06 novembre de 10h a 13.30h al local de Ronda Barcelona: C\/Consell de\u00a0Cent 382\u00a0convoquem la 4a Jornada de la XIP amb [&hellip;]<\/p>\n","protected":false},"author":1,"featured_media":7178,"comment_status":"closed","ping_status":"closed","sticky":false,"template":"","format":"standard","meta":{"footnotes":""},"categories":[13,5],"tags":[],"class_list":["post-7177","post","type-post","status-publish","format-standard","has-post-thumbnail","hentry","category-activitats-recomanades","category-noticies"],"_links":{"self":[{"href":"https:\/\/donesesglesia.cat\/wp_cde\/wp-json\/wp\/v2\/posts\/7177","targetHints":{"allow":["GET"]}}],"collection":[{"href":"https:\/\/donesesglesia.cat\/wp_cde\/wp-json\/wp\/v2\/posts"}],"about":[{"href":"https:\/\/donesesglesia.cat\/wp_cde\/wp-json\/wp\/v2\/types\/post"}],"author":[{"embeddable":true,"href":"https:\/\/donesesglesia.cat\/wp_cde\/wp-json\/wp\/v2\/users\/1"}],"replies":[{"embeddable":true,"href":"https:\/\/donesesglesia.cat\/wp_cde\/wp-json\/wp\/v2\/comments?post=7177"}],"version-history":[{"count":1,"href":"https:\/\/donesesglesia.cat\/wp_cde\/wp-json\/wp\/v2\/posts\/7177\/revisions"}],"predecessor-version":[{"id":7181,"href":"https:\/\/donesesglesia.cat\/wp_cde\/wp-json\/wp\/v2\/posts\/7177\/revisions\/7181"}],"wp:featuredmedia":[{"embeddable":true,"href":"https:\/\/donesesglesia.cat\/wp_cde\/wp-json\/wp\/v2\/media\/7178"}],"wp:attachment":[{"href":"https:\/\/donesesglesia.cat\/wp_cde\/wp-json\/wp\/v2\/media?parent=7177"}],"wp:term":[{"taxonomy":"category","embeddable":true,"href":"https:\/\/donesesglesia.cat\/wp_cde\/wp-json\/wp\/v2\/categories?post=7177"},{"taxonomy":"post_tag","embeddable":true,"href":"https:\/\/donesesglesia.cat\/wp_cde\/wp-json\/wp\/v2\/tags?post=7177"}],"curies":[{"name":"wp","href":"https:\/\/api.w.org\/{rel}","templated":true}]}}