{"id":7133,"date":"2021-09-01T19:24:45","date_gmt":"2021-09-01T17:24:45","guid":{"rendered":"http:\/\/donesesglesia.cat\/wp_cde\/?p=7133"},"modified":"2021-09-01T19:24:45","modified_gmt":"2021-09-01T17:24:45","slug":"taula-rodona-dones-experiencia-religiosa-i-alliberament","status":"publish","type":"post","link":"https:\/\/donesesglesia.cat\/wp_cde\/taula-rodona-dones-experiencia-religiosa-i-alliberament\/","title":{"rendered":"Taula rodona: Dones, experi\u00e8ncia religiosa i alliberament"},"content":{"rendered":"<h3>En el marc del cicle Religions, espiritualitats i feminismes, que la Direcci\u00f3 General d\u2019Afers Religiosos del Departament de Just\u00edcia organitza durant l\u2019any 2021 amb l\u2019objectiu de visualitzar i dignificar el paper rellevant de les dones i de la feminitat en les tradicions religioses, ens plau fer-vos arribar la informaci\u00f3 detallada de l\u2019activitat seg\u00fcent:<\/h3>\n<p><strong><a href=\"http:\/\/donesesglesia.cat\/wp_cde\/wp-content\/uploads\/2021\/09\/cicle-religions-espiritualitat_2021.jpg\"><img loading=\"lazy\" decoding=\"async\" class=\"alignright  wp-image-7135\" src=\"http:\/\/donesesglesia.cat\/wp_cde\/wp-content\/uploads\/2021\/09\/cicle-religions-espiritualitat_2021.jpg\" alt=\"\" width=\"350\" height=\"495\" srcset=\"https:\/\/donesesglesia.cat\/wp_cde\/wp-content\/uploads\/2021\/09\/cicle-religions-espiritualitat_2021.jpg 680w, https:\/\/donesesglesia.cat\/wp_cde\/wp-content\/uploads\/2021\/09\/cicle-religions-espiritualitat_2021-212x300.jpg 212w\" sizes=\"auto, (max-width: 350px) 100vw, 350px\" \/><\/a>TAULA RODONA: DONES, EXPERI\u00c8NCIA RELIGIOSA I ALLIBERAMENT<\/strong><br \/>\n22 de setembre de 2021, de 18 a 19.30 h<br \/>\n<em>Conversa entre expertes universit\u00e0ries sobre l\u2019experi\u00e8ncia religiosa i l\u2019alliberament de les dones. En parlem des de la Universitat a la taula rodona amb la participaci\u00f3 de:<\/em><\/p>\n<p><strong>Rosa Cerarols<\/strong>, directora de la Unitat d\u2019Igualtat (UPF)<br \/>\n<strong>Lena de Botton<\/strong>, coordinadora del Grup de Di\u00e0leg Interreligi\u00f3s del Centre Especial en Teories i Pr\u00e0ctiques Superadores de Desigualtats (UB)<br \/>\n<strong>Jenabou Dembaga<\/strong>, activista afrofeminista<br \/>\n<strong>Joana Garcia Grenzner<\/strong>, docent del M\u00e0ster de G\u00e8nere i Comunicaci\u00f3 de la Universitat Aut\u00f2noma de Barcelona i membre d&#8217;ORIGEN (Observatori Regular de la Igualtat de G\u00e8nere en Noticiaris)<br \/>\nModera: <strong>Neus Forcano<\/strong>, coautora de Dones, espiritualitats i feminismes.<\/p>\n<p>La taula rodona, virtual i oberta al m\u00f3n acad\u00e8mic i al p\u00fablic general, debatr\u00e0 sobre la perspectiva inclusiva de la diversitat religiosa i conviccional dins del moviment feminista.<\/p>\n<p>La inscripci\u00f3 est\u00e0 oberta fins al 15 de setembre a trav\u00e9s del formulari<\/p>\n<p>Podeu consultar el programa i tota la informaci\u00f3 sobre el taller en aquesta not\u00edcia.<\/p>\n<p>ENLLA\u00c7: <a href=\"http:\/\/justicia.gencat.cat\/ca\/detalls\/Noticia\/2108-cicle-feminisme-segon-semestre\" target=\"_blank\" rel=\"noopener noreferrer\">http:\/\/justicia.gencat.cat\/ca\/detalls\/Noticia\/2108-cicle-feminisme-segon-semestre<\/a><\/p>\n","protected":false},"excerpt":{"rendered":"<p>En el marc del cicle Religions, espiritualitats i feminismes, que la Direcci\u00f3 General d\u2019Afers Religiosos del Departament de Just\u00edcia organitza durant l\u2019any 2021 amb l\u2019objectiu de visualitzar i dignificar el [&hellip;]<\/p>\n","protected":false},"author":1,"featured_media":7134,"comment_status":"closed","ping_status":"closed","sticky":false,"template":"","format":"standard","meta":{"footnotes":""},"categories":[13,5],"tags":[],"class_list":["post-7133","post","type-post","status-publish","format-standard","has-post-thumbnail","hentry","category-activitats-recomanades","category-noticies"],"_links":{"self":[{"href":"https:\/\/donesesglesia.cat\/wp_cde\/wp-json\/wp\/v2\/posts\/7133","targetHints":{"allow":["GET"]}}],"collection":[{"href":"https:\/\/donesesglesia.cat\/wp_cde\/wp-json\/wp\/v2\/posts"}],"about":[{"href":"https:\/\/donesesglesia.cat\/wp_cde\/wp-json\/wp\/v2\/types\/post"}],"author":[{"embeddable":true,"href":"https:\/\/donesesglesia.cat\/wp_cde\/wp-json\/wp\/v2\/users\/1"}],"replies":[{"embeddable":true,"href":"https:\/\/donesesglesia.cat\/wp_cde\/wp-json\/wp\/v2\/comments?post=7133"}],"version-history":[{"count":2,"href":"https:\/\/donesesglesia.cat\/wp_cde\/wp-json\/wp\/v2\/posts\/7133\/revisions"}],"predecessor-version":[{"id":7137,"href":"https:\/\/donesesglesia.cat\/wp_cde\/wp-json\/wp\/v2\/posts\/7133\/revisions\/7137"}],"wp:featuredmedia":[{"embeddable":true,"href":"https:\/\/donesesglesia.cat\/wp_cde\/wp-json\/wp\/v2\/media\/7134"}],"wp:attachment":[{"href":"https:\/\/donesesglesia.cat\/wp_cde\/wp-json\/wp\/v2\/media?parent=7133"}],"wp:term":[{"taxonomy":"category","embeddable":true,"href":"https:\/\/donesesglesia.cat\/wp_cde\/wp-json\/wp\/v2\/categories?post=7133"},{"taxonomy":"post_tag","embeddable":true,"href":"https:\/\/donesesglesia.cat\/wp_cde\/wp-json\/wp\/v2\/tags?post=7133"}],"curies":[{"name":"wp","href":"https:\/\/api.w.org\/{rel}","templated":true}]}}