{"id":7027,"date":"2021-06-07T19:39:00","date_gmt":"2021-06-07T17:39:00","guid":{"rendered":"http:\/\/donesesglesia.cat\/wp_cde\/?p=7027"},"modified":"2021-06-07T19:39:00","modified_gmt":"2021-06-07T17:39:00","slug":"parroquia-del-crist-rei-lesglesia-i-el-repte-del-diaconat-femeni","status":"publish","type":"post","link":"https:\/\/donesesglesia.cat\/wp_cde\/parroquia-del-crist-rei-lesglesia-i-el-repte-del-diaconat-femeni\/","title":{"rendered":"Parr\u00f2quia del Crist Rei: \u201cL\u2019Esgle\u0301sia i el repte del diaconat femeni\u0301\u201d"},"content":{"rendered":"<p>La parr\u00f2quia del Crist Rei, comen\u00e7a el pla de formaci\u00f3 que seguir\u00e0 tot el curs vinent sobre temes que des de fa molts anys s\u00f3n un repte per l&#8217;Esgl\u00e9sia.<\/p>\n<p>El primer, el dia 12 de juny, es parlar\u00e0 del diaconat de les dones. Formaran la taula <strong>Llu\u00eds Serra<\/strong>, germ\u00e0 marista, <strong>Roser Sol\u00e9<\/strong>, del CDE i <strong>Joan Josep Badia<\/strong>, rector de la parr\u00f2quia. Tothom hi \u00e9s convidat.<\/p>\n<h3>AULA D\u2019ACTUALITAT<br \/>\nTaules rodones informatives <br \/>\nL&#8217;Esgle\u0300sia i els reptes actuals <br \/>\nJuny-octubre 2021-22<\/h3>\n<p><a href=\"http:\/\/donesesglesia.cat\/wp_cde\/wp-content\/uploads\/2021\/06\/aula-actualitat_parroquia-crist.rei_.pdf\" target=\"_blank\" rel=\"noopener noreferrer\">Programa en PDF<\/a><\/p>\n<div class=\"page\" title=\"Page 3\">\n<div class=\"layoutArea\">\n<div class=\"column\">\n<h4>Programa temari<\/h4>\n<p>2021, 12 de juny<br \/>\n\u201cL\u2019Esgle\u0301sia i el repte del diaconat femeni\u0301\u201d<\/p>\n<p>2021, 16 d\u2019octubre<br \/>\n\u201cL\u2019Esgle\u0301sia i el repte de les persones LGTB\u201d<\/p>\n<p>2022, 19 de febrer<br \/>\n\u201cL\u2019Esgle\u0301sia i el repte dels abusos sexuals a menors\u201d<\/p>\n<p>2022, 11 de juny<br \/>\n\u201cL\u2019Esgle\u0301sia i el repte de la immigracio\u0301\u201d<\/p>\n<p>2022, 15 d\u2019octubre<br \/>\n\u201cL\u2019Esgle\u0301sia i el repte del fanatisme religio\u0301s\u201d<\/p>\n<h4>Dissabtes de 6 a 7,15 de la tarda<\/h4>\n<p>Format de les taules:<br \/>\n3 pone\u0300ncies de 15 minuts cadascuna<br \/>\nDia\u0300leg compartit entre els ponents: 15 minuts<br \/>\nSilenci i prega\u0300ria conclusiva, informacions i comiat: 10 minuts<\/p>\n<\/div>\n<\/div>\n<\/div>\n","protected":false},"excerpt":{"rendered":"<p>La parr\u00f2quia del Crist Rei, comen\u00e7a el pla de formaci\u00f3 que seguir\u00e0 tot el curs vinent sobre temes que des de fa molts anys s\u00f3n un repte per l&#8217;Esgl\u00e9sia. El [&hellip;]<\/p>\n","protected":false},"author":1,"featured_media":7031,"comment_status":"closed","ping_status":"closed","sticky":false,"template":"","format":"standard","meta":{"footnotes":""},"categories":[13,5],"tags":[],"class_list":["post-7027","post","type-post","status-publish","format-standard","has-post-thumbnail","hentry","category-activitats-recomanades","category-noticies"],"_links":{"self":[{"href":"https:\/\/donesesglesia.cat\/wp_cde\/wp-json\/wp\/v2\/posts\/7027","targetHints":{"allow":["GET"]}}],"collection":[{"href":"https:\/\/donesesglesia.cat\/wp_cde\/wp-json\/wp\/v2\/posts"}],"about":[{"href":"https:\/\/donesesglesia.cat\/wp_cde\/wp-json\/wp\/v2\/types\/post"}],"author":[{"embeddable":true,"href":"https:\/\/donesesglesia.cat\/wp_cde\/wp-json\/wp\/v2\/users\/1"}],"replies":[{"embeddable":true,"href":"https:\/\/donesesglesia.cat\/wp_cde\/wp-json\/wp\/v2\/comments?post=7027"}],"version-history":[{"count":3,"href":"https:\/\/donesesglesia.cat\/wp_cde\/wp-json\/wp\/v2\/posts\/7027\/revisions"}],"predecessor-version":[{"id":7032,"href":"https:\/\/donesesglesia.cat\/wp_cde\/wp-json\/wp\/v2\/posts\/7027\/revisions\/7032"}],"wp:featuredmedia":[{"embeddable":true,"href":"https:\/\/donesesglesia.cat\/wp_cde\/wp-json\/wp\/v2\/media\/7031"}],"wp:attachment":[{"href":"https:\/\/donesesglesia.cat\/wp_cde\/wp-json\/wp\/v2\/media?parent=7027"}],"wp:term":[{"taxonomy":"category","embeddable":true,"href":"https:\/\/donesesglesia.cat\/wp_cde\/wp-json\/wp\/v2\/categories?post=7027"},{"taxonomy":"post_tag","embeddable":true,"href":"https:\/\/donesesglesia.cat\/wp_cde\/wp-json\/wp\/v2\/tags?post=7027"}],"curies":[{"name":"wp","href":"https:\/\/api.w.org\/{rel}","templated":true}]}}