{"id":7006,"date":"2021-05-13T17:34:05","date_gmt":"2021-05-13T15:34:05","guid":{"rendered":"http:\/\/donesesglesia.cat\/wp_cde\/?p=7006"},"modified":"2021-05-13T17:42:02","modified_gmt":"2021-05-13T15:42:02","slug":"la-mirada-de-la-mujeres-hacia-dios","status":"publish","type":"post","link":"https:\/\/donesesglesia.cat\/wp_cde\/la-mirada-de-la-mujeres-hacia-dios\/","title":{"rendered":"Conversa amb Carme Soto: &#8220;La mirada de la mujeres hacia dios&#8221;"},"content":{"rendered":"<h2>Conversa amb la Germana Carme Soto, autora del llibre<br \/>\n&#8220;Cuando Dios habla no solo en masculino&#8221;<\/h2>\n<h3>14 de maig, a les 18h (Roma)<\/h3>\n<blockquote>\n<p><a href=\"http:\/\/donesesglesia.cat\/wp_cde\/wp-content\/uploads\/2021\/05\/soto_carmen.jpg\"><img loading=\"lazy\" decoding=\"async\" class=\"alignright  wp-image-7009\" src=\"http:\/\/donesesglesia.cat\/wp_cde\/wp-content\/uploads\/2021\/05\/soto_carmen.jpg\" alt=\"\" width=\"256\" height=\"188\" srcset=\"https:\/\/donesesglesia.cat\/wp_cde\/wp-content\/uploads\/2021\/05\/soto_carmen.jpg 408w, https:\/\/donesesglesia.cat\/wp_cde\/wp-content\/uploads\/2021\/05\/soto_carmen-300x221.jpg 300w\" sizes=\"auto, (max-width: 256px) 100vw, 256px\" \/><\/a>Carme es una Religiosa\u00a0Sierva de San Jos\u00e9. Doctora en Teolog\u00eda en la especialidad de Sagrada Escritura y licenciada en historia contempor\u00e1nea. En la actualidad es vicepresidenta de la Asociaci\u00f3n de Te\u00f3logas Espa\u00f1olas, miembro del consejo asesor de la colecci\u00f3n Aletheia de la editorial Verbo divino y Miembro del consejo de redacci\u00f3n de la revista gallega de pensamiento cristiano Encrucillada. Y colaboradora de varias publicaciones en Verbo divino, y en numerosas revistas.<\/p>\n<\/blockquote>\n<h4><a href=\"http:\/\/donesesglesia.cat\/wp_cde\/wp-content\/uploads\/2021\/05\/presentacion_soto_carmen.jpg\"><img loading=\"lazy\" decoding=\"async\" class=\"aligncenter size-full wp-image-7011\" src=\"http:\/\/donesesglesia.cat\/wp_cde\/wp-content\/uploads\/2021\/05\/presentacion_soto_carmen.jpg\" alt=\"\" width=\"783\" height=\"551\" srcset=\"https:\/\/donesesglesia.cat\/wp_cde\/wp-content\/uploads\/2021\/05\/presentacion_soto_carmen.jpg 783w, https:\/\/donesesglesia.cat\/wp_cde\/wp-content\/uploads\/2021\/05\/presentacion_soto_carmen-300x211.jpg 300w, https:\/\/donesesglesia.cat\/wp_cde\/wp-content\/uploads\/2021\/05\/presentacion_soto_carmen-768x540.jpg 768w\" sizes=\"auto, (max-width: 783px) 100vw, 783px\" \/><\/a><\/h4>\n<h4>\nPer participar:<\/h4>\n<div class=\"o9v6fnle cxmmr5t8 oygrvhab hcukyx3x c1et5uql ii04i59q\">\n<div dir=\"auto\">1) Podeu entrar a YouTube de la UISG:<\/div>\n<div dir=\"auto\"><a class=\"oajrlxb2 g5ia77u1 qu0x051f esr5mh6w e9989ue4 r7d6kgcz rq0escxv nhd2j8a9 nc684nl6 p7hjln8o kvgmc6g5 cxmmr5t8 oygrvhab hcukyx3x jb3vyjys rz4wbd8a qt6c0cv9 a8nywdso i1ao9s8h esuyzwwr f1sip0of lzcic4wl py34i1dx gpro0wi8\" tabindex=\"0\" role=\"link\" href=\"https:\/\/www.youtube.com\/c\/UISGRome\/videos?fbclid=IwAR34ObMAQ0yasq_jO6_jNvekg1j04TkuQNxc0lKAwGNuGyfMGOCBVe3uSw8\" target=\"_blank\" rel=\"nofollow noopener noreferrer\">https:\/\/www.youtube.com\/c\/UISGRome\/videos<\/a><\/div>\n<div dir=\"auto\">\u00a0<\/div>\n<div dir=\"auto\">2) Podeu entrar al facebook UISG<\/div>\n<div dir=\"auto\"><a class=\"oajrlxb2 g5ia77u1 qu0x051f esr5mh6w e9989ue4 r7d6kgcz rq0escxv nhd2j8a9 nc684nl6 p7hjln8o kvgmc6g5 cxmmr5t8 oygrvhab hcukyx3x jb3vyjys rz4wbd8a qt6c0cv9 a8nywdso i1ao9s8h esuyzwwr f1sip0of lzcic4wl q66pz984 gpro0wi8 b1v8xokw\" tabindex=\"0\" role=\"link\" href=\"https:\/\/www.facebook.com\/UISGInternationalUnionSuperiorsGeneral\/?__cft__[0]=AZX76hlpB-CGxgSWA7jGC-KJLnbuhM0HwLuzvi-8EhB1NxBPYeTroNub09M9OAa4k8XwicN6pAr8IdSoQmmtgDQSen2sew9wsuzowa3YYxRyUt1b4Lhu8_b_-ag8f4_k_n4pU90yWKXl5ke8mDOgtlUU&amp;__tn__=kK-R\" target=\"_blank\" rel=\"noopener noreferrer\"><span class=\"nc684nl6\">www.facebook.com\/UISGInternationalUnionSuperiorsGeneral<\/span><\/a><\/div>\n<\/div>\n","protected":false},"excerpt":{"rendered":"<p>Conversa amb la Germana Carme Soto, autora del llibre &#8220;Cuando Dios habla no solo en masculino&#8221; 14 de maig, a les 18h (Roma) Carme es una Religiosa\u00a0Sierva de San Jos\u00e9. [&hellip;]<\/p>\n","protected":false},"author":1,"featured_media":7017,"comment_status":"closed","ping_status":"closed","sticky":false,"template":"","format":"standard","meta":{"footnotes":""},"categories":[13,5],"tags":[],"class_list":["post-7006","post","type-post","status-publish","format-standard","has-post-thumbnail","hentry","category-activitats-recomanades","category-noticies"],"_links":{"self":[{"href":"https:\/\/donesesglesia.cat\/wp_cde\/wp-json\/wp\/v2\/posts\/7006","targetHints":{"allow":["GET"]}}],"collection":[{"href":"https:\/\/donesesglesia.cat\/wp_cde\/wp-json\/wp\/v2\/posts"}],"about":[{"href":"https:\/\/donesesglesia.cat\/wp_cde\/wp-json\/wp\/v2\/types\/post"}],"author":[{"embeddable":true,"href":"https:\/\/donesesglesia.cat\/wp_cde\/wp-json\/wp\/v2\/users\/1"}],"replies":[{"embeddable":true,"href":"https:\/\/donesesglesia.cat\/wp_cde\/wp-json\/wp\/v2\/comments?post=7006"}],"version-history":[{"count":9,"href":"https:\/\/donesesglesia.cat\/wp_cde\/wp-json\/wp\/v2\/posts\/7006\/revisions"}],"predecessor-version":[{"id":7024,"href":"https:\/\/donesesglesia.cat\/wp_cde\/wp-json\/wp\/v2\/posts\/7006\/revisions\/7024"}],"wp:featuredmedia":[{"embeddable":true,"href":"https:\/\/donesesglesia.cat\/wp_cde\/wp-json\/wp\/v2\/media\/7017"}],"wp:attachment":[{"href":"https:\/\/donesesglesia.cat\/wp_cde\/wp-json\/wp\/v2\/media?parent=7006"}],"wp:term":[{"taxonomy":"category","embeddable":true,"href":"https:\/\/donesesglesia.cat\/wp_cde\/wp-json\/wp\/v2\/categories?post=7006"},{"taxonomy":"post_tag","embeddable":true,"href":"https:\/\/donesesglesia.cat\/wp_cde\/wp-json\/wp\/v2\/tags?post=7006"}],"curies":[{"name":"wp","href":"https:\/\/api.w.org\/{rel}","templated":true}]}}