{"id":6998,"date":"2021-04-14T21:20:10","date_gmt":"2021-04-14T19:20:10","guid":{"rendered":"http:\/\/donesesglesia.cat\/wp_cde\/?p=6998"},"modified":"2021-04-15T21:11:20","modified_gmt":"2021-04-15T19:11:20","slug":"colloqui-europeu-de-parroquies-seccio-catalana","status":"publish","type":"post","link":"https:\/\/donesesglesia.cat\/wp_cde\/colloqui-europeu-de-parroquies-seccio-catalana\/","title":{"rendered":"Col\u00b7loqui Europeu de Parr\u00f2quies-Secci\u00f3 catalana"},"content":{"rendered":"<h3><b>Trobada en l\u00ednia<br \/>\n8 d\u2019abril de 2021<\/b><\/h3>\n<p><a href=\"http:\/\/donesesglesia.cat\/wp_cde\/wp-content\/uploads\/2021\/04\/taula-rodona_dones-esglesia_video_p.jpg\"><img loading=\"lazy\" decoding=\"async\" class=\"aligncenter wp-image-6990\" src=\"http:\/\/donesesglesia.cat\/wp_cde\/wp-content\/uploads\/2021\/04\/taula-rodona_dones-esglesia_video_p.jpg\" alt=\"\" width=\"730\" height=\"370\" srcset=\"https:\/\/donesesglesia.cat\/wp_cde\/wp-content\/uploads\/2021\/04\/taula-rodona_dones-esglesia_video_p.jpg 1024w, https:\/\/donesesglesia.cat\/wp_cde\/wp-content\/uploads\/2021\/04\/taula-rodona_dones-esglesia_video_p-300x152.jpg 300w, https:\/\/donesesglesia.cat\/wp_cde\/wp-content\/uploads\/2021\/04\/taula-rodona_dones-esglesia_video_p-768x389.jpg 768w\" sizes=\"auto, (max-width: 730px) 100vw, 730px\" \/><\/a><\/p>\n<p>Formaven la taula rodona quatre dones:<\/p>\n<p><b>Conxita L\u00f3pez<\/b>,<span class=\"Apple-converted-space\">\u00a0<\/span> que des dels 18 anys ha estat compromesa en la tasca pastoral de l&#8217;Esgl\u00e9sia a Lleida, Cardona i Solsona. Va ser Delegada de Missions i Mans Unides a la Di\u00f2cesi de Solsona.<span class=\"Apple-converted-space\">\u00a0<\/span><\/p>\n<p><b>M. Dolors Puigdevall i Dalmau<\/b>, directora de C\u00e0ritas Diocesana de Girona des de juliol de 2016.Vinculada a la parr\u00f2quia de Fornells de la Selva.<span class=\"Apple-converted-space\">\u00a0<\/span><\/p>\n<p><b>Roser Sol\u00e9 i Besteiro<\/b>, llicenciada en teologia, membre del Col\u00b7lectiu de Dones en l&#8217;Esgl\u00e9sia per la Paritat, d&#8217;Alcem la Veu i de l'&#8221;Associaci\u00f3n de Te\u00f3logas Espa\u00f1olas&#8221;.Vinculada a la parr\u00f2quia del Crist Rei de Barcelona.<span class=\"Apple-converted-space\">\u00a0<\/span><\/p>\n<p><b>Maria del Carmen de la Fuente i P\u00e9rez<\/b>, llicenciada en sociologia, directora de la Fundaci\u00f3 Migra Studium des de setembre de 2015.<\/p>\n<p>L\u2019equip preparador del col\u00b7loqui va preparar unes preguntes per a cada una de les quatre ponents. A <b>Maria del Carmen de la Fuente<\/b> se li va preguntar<\/p>\n<p><i>\u00bfQuins s\u00f3n per tu els punts clau, els reptes fonamentals, les reivindicacions, els desafiaments, etc. de la dona en les parr\u00f2quies i en l\u2019esgl\u00e9sia en general?<\/i><\/p>\n<p>La resposta portava per t\u00edtol:<b><span class=\"Apple-converted-space\">\u00a0<\/span><\/b><\/p>\n<p><b><span class=\"Apple-converted-space\">\u00a0<\/span>Alguns desafiaments o reptes per la l\u2019Esgl\u00e9sia, parr\u00f2quies, comunitats i creients avui.<\/b><\/p>\n<p><b>A l\u2019Esgl\u00e9sia \u201cinstituci\u00f3\u201d<\/b><\/p>\n<p>Mostrar el seu rostre i la seva veu veritable. L\u2019esgl\u00e9sia i parr\u00f2quia s\u00f3n femenines, per\u00f2 no es mostra aix\u00ed. Nom\u00e9s cal mirar la realitat del l\u2019esgl\u00e9sia, la seva quotidianitat, i comparar-ho amb la seva imatge p\u00fablica o \u201cinstitucional\u201d. <span class=\"Apple-converted-space\">\u00a0<\/span><\/p>\n<p>Esdevenir un espai on les dones puguin desplegar la seva vocaci\u00f3. Deixar de limitar el nostre desplegament i creixement. Deixar de perdre les capacitats i els talents de les dones.<span class=\"Apple-converted-space\">\u00a0<\/span><\/p>\n<p>\u201cAprofitar\u201d el context social, d\u2019una societat que tot i ser patriarcal comen\u00e7a a fer canvis i a no tolerar situacions d\u2019injust\u00edcia cap a les dones que s\u2019havien mantingut en altres temps. Si l\u2019esgl\u00e9sia continua en la din\u00e0mica patriarcal, masclista i clerical, continuar\u00e0 perdent espais. <span class=\"Apple-converted-space\">\u00a0<\/span><\/p>\n<p><b>A les parr\u00f2quies i comunitats cristianes:<\/b><\/p>\n<p>Comen\u00e7ar a fer el que li demanem al papa: generar canvis, proactives. \u00c9s a dir, tenir en consideraci\u00f3<span class=\"Apple-converted-space\">\u00a0 <\/span>les dones, permetre la seva participaci\u00f3 total, que puguem expressar-se en tots els sentits i que ocupin tots els llocs. Es tracta de passar de la passivitat a l\u2019activitat per a que en el futur els canvis siguin possibles.<span class=\"Apple-converted-space\">\u00a0<\/span><\/p>\n<p><b>A les dones:<\/b><\/p>\n<p>Crear espais des d\u2019on ser escoltades i des d\u2019on donar tot all\u00f2 que sentim que D\u00e9u ens convida a donar. Auto-organitzaci\u00f3 de les dones d\u2019esgl\u00e9sia o participaci\u00f3 en els espais que ja existeixen.<\/p>\n<p><b>A tots a l\u2019esgl\u00e9sia, a les parr\u00f2quies, a les dones creients.. <span class=\"Apple-converted-space\">\u00a0<\/span><\/b><\/p>\n<p>Recon\u00e8ixer el paper de les dones a les que mai s\u2019ha escoltat, a les que mai no es va donar veu, a les que es va \u201cespr\u00e9mer\u201d per a servir per\u00f2 mai es va escoltar.<span class=\"Apple-converted-space\">\u00a0<\/span><\/p>\n<p>&nbsp;<\/p>\n<p><strong>Roser Sol\u00e9 Besteiro<\/strong><\/p>\n","protected":false},"excerpt":{"rendered":"<p>Trobada en l\u00ednia 8 d\u2019abril de 2021 Formaven la taula rodona quatre dones: Conxita L\u00f3pez,\u00a0 que des dels 18 anys ha estat compromesa en la tasca pastoral de l&#8217;Esgl\u00e9sia a [&hellip;]<\/p>\n","protected":false},"author":1,"featured_media":6990,"comment_status":"closed","ping_status":"closed","sticky":false,"template":"","format":"standard","meta":{"footnotes":""},"categories":[13,5],"tags":[],"class_list":["post-6998","post","type-post","status-publish","format-standard","has-post-thumbnail","hentry","category-activitats-recomanades","category-noticies"],"_links":{"self":[{"href":"https:\/\/donesesglesia.cat\/wp_cde\/wp-json\/wp\/v2\/posts\/6998","targetHints":{"allow":["GET"]}}],"collection":[{"href":"https:\/\/donesesglesia.cat\/wp_cde\/wp-json\/wp\/v2\/posts"}],"about":[{"href":"https:\/\/donesesglesia.cat\/wp_cde\/wp-json\/wp\/v2\/types\/post"}],"author":[{"embeddable":true,"href":"https:\/\/donesesglesia.cat\/wp_cde\/wp-json\/wp\/v2\/users\/1"}],"replies":[{"embeddable":true,"href":"https:\/\/donesesglesia.cat\/wp_cde\/wp-json\/wp\/v2\/comments?post=6998"}],"version-history":[{"count":4,"href":"https:\/\/donesesglesia.cat\/wp_cde\/wp-json\/wp\/v2\/posts\/6998\/revisions"}],"predecessor-version":[{"id":7003,"href":"https:\/\/donesesglesia.cat\/wp_cde\/wp-json\/wp\/v2\/posts\/6998\/revisions\/7003"}],"wp:featuredmedia":[{"embeddable":true,"href":"https:\/\/donesesglesia.cat\/wp_cde\/wp-json\/wp\/v2\/media\/6990"}],"wp:attachment":[{"href":"https:\/\/donesesglesia.cat\/wp_cde\/wp-json\/wp\/v2\/media?parent=6998"}],"wp:term":[{"taxonomy":"category","embeddable":true,"href":"https:\/\/donesesglesia.cat\/wp_cde\/wp-json\/wp\/v2\/categories?post=6998"},{"taxonomy":"post_tag","embeddable":true,"href":"https:\/\/donesesglesia.cat\/wp_cde\/wp-json\/wp\/v2\/tags?post=6998"}],"curies":[{"name":"wp","href":"https:\/\/api.w.org\/{rel}","templated":true}]}}