{"id":6958,"date":"2021-04-03T18:43:29","date_gmt":"2021-04-03T16:43:29","guid":{"rendered":"http:\/\/donesesglesia.cat\/wp_cde\/?p=6958"},"modified":"2021-04-03T18:43:29","modified_gmt":"2021-04-03T16:43:29","slug":"taula-rodona-dones-en-leglesia","status":"publish","type":"post","link":"https:\/\/donesesglesia.cat\/wp_cde\/taula-rodona-dones-en-leglesia\/","title":{"rendered":"Taula rodona &#8220;Dones en l&#8217;Egl\u00e9sia&#8221;"},"content":{"rendered":"<h3>8 d&#8217;abril 2021, 18h<br \/>\nCol\u00b7loqui Europeu de Parr\u00f2quies<\/h3>\n<h2>Taula rodona &#8220;Dones en l&#8217;Esgl\u00e9sia&#8221;<br \/>\nEn l&#8217;espai &#8220;El futur de l&#8217;Esgl\u00e9sia a debat&#8221;<\/h2>\n<p>Testimonis de vida de diverses dones en l&#8217;\u00e0mbit eclesial: Conxita L\u00f3pez, M. Dolors Puigdevall i Dalmau, Roser Sol\u00e9 i Besteiro i Maria del Carmen de la Fuente i P\u00e9rez<\/p>\n<p>Inscripcions fins el 7 d&#8217;abril a trav\u00e9s d&#8217;aquest enlla\u00e7: <a href=\"http:\/\/bit.ly\/8abril2021CEPcatala\" target=\"_blank\" rel=\"noopener noreferrer\">http:\/\/bit.ly\/8abril2021CEPcatala<\/a><\/p>\n<p>M\u00e9s informaci\u00f3: cepcatala@gmail.com<\/p>\n<p><a href=\"http:\/\/donesesglesia.cat\/wp_cde\/wp-content\/uploads\/2021\/04\/dones-esglesia_taula-rodona-CEP.jpg\"><img loading=\"lazy\" decoding=\"async\" class=\"aligncenter size-full wp-image-6960\" src=\"http:\/\/donesesglesia.cat\/wp_cde\/wp-content\/uploads\/2021\/04\/dones-esglesia_taula-rodona-CEP.jpg\" alt=\"\" width=\"827\" height=\"1170\" srcset=\"https:\/\/donesesglesia.cat\/wp_cde\/wp-content\/uploads\/2021\/04\/dones-esglesia_taula-rodona-CEP.jpg 827w, https:\/\/donesesglesia.cat\/wp_cde\/wp-content\/uploads\/2021\/04\/dones-esglesia_taula-rodona-CEP-212x300.jpg 212w, https:\/\/donesesglesia.cat\/wp_cde\/wp-content\/uploads\/2021\/04\/dones-esglesia_taula-rodona-CEP-724x1024.jpg 724w, https:\/\/donesesglesia.cat\/wp_cde\/wp-content\/uploads\/2021\/04\/dones-esglesia_taula-rodona-CEP-768x1087.jpg 768w\" sizes=\"auto, (max-width: 827px) 100vw, 827px\" \/><\/a><\/p>\n<p>&nbsp;<\/p>\n","protected":false},"excerpt":{"rendered":"<p>8 d&#8217;abril 2021, 18h Col\u00b7loqui Europeu de Parr\u00f2quies Taula rodona &#8220;Dones en l&#8217;Esgl\u00e9sia&#8221; En l&#8217;espai &#8220;El futur de l&#8217;Esgl\u00e9sia a debat&#8221; Testimonis de vida de diverses dones en l&#8217;\u00e0mbit eclesial: [&hellip;]<\/p>\n","protected":false},"author":1,"featured_media":6959,"comment_status":"closed","ping_status":"closed","sticky":false,"template":"","format":"standard","meta":{"footnotes":""},"categories":[13,5],"tags":[],"class_list":["post-6958","post","type-post","status-publish","format-standard","has-post-thumbnail","hentry","category-activitats-recomanades","category-noticies"],"_links":{"self":[{"href":"https:\/\/donesesglesia.cat\/wp_cde\/wp-json\/wp\/v2\/posts\/6958","targetHints":{"allow":["GET"]}}],"collection":[{"href":"https:\/\/donesesglesia.cat\/wp_cde\/wp-json\/wp\/v2\/posts"}],"about":[{"href":"https:\/\/donesesglesia.cat\/wp_cde\/wp-json\/wp\/v2\/types\/post"}],"author":[{"embeddable":true,"href":"https:\/\/donesesglesia.cat\/wp_cde\/wp-json\/wp\/v2\/users\/1"}],"replies":[{"embeddable":true,"href":"https:\/\/donesesglesia.cat\/wp_cde\/wp-json\/wp\/v2\/comments?post=6958"}],"version-history":[{"count":2,"href":"https:\/\/donesesglesia.cat\/wp_cde\/wp-json\/wp\/v2\/posts\/6958\/revisions"}],"predecessor-version":[{"id":6962,"href":"https:\/\/donesesglesia.cat\/wp_cde\/wp-json\/wp\/v2\/posts\/6958\/revisions\/6962"}],"wp:featuredmedia":[{"embeddable":true,"href":"https:\/\/donesesglesia.cat\/wp_cde\/wp-json\/wp\/v2\/media\/6959"}],"wp:attachment":[{"href":"https:\/\/donesesglesia.cat\/wp_cde\/wp-json\/wp\/v2\/media?parent=6958"}],"wp:term":[{"taxonomy":"category","embeddable":true,"href":"https:\/\/donesesglesia.cat\/wp_cde\/wp-json\/wp\/v2\/categories?post=6958"},{"taxonomy":"post_tag","embeddable":true,"href":"https:\/\/donesesglesia.cat\/wp_cde\/wp-json\/wp\/v2\/tags?post=6958"}],"curies":[{"name":"wp","href":"https:\/\/api.w.org\/{rel}","templated":true}]}}