{"id":6919,"date":"2021-03-07T13:44:19","date_gmt":"2021-03-07T12:44:19","guid":{"rendered":"http:\/\/donesesglesia.cat\/wp_cde\/?p=6919"},"modified":"2021-03-07T13:48:32","modified_gmt":"2021-03-07T12:48:32","slug":"elles-tambe-hi-eren-hi-son-i-hi-seran-8-de-marc-a-girona","status":"publish","type":"post","link":"https:\/\/donesesglesia.cat\/wp_cde\/elles-tambe-hi-eren-hi-son-i-hi-seran-8-de-marc-a-girona\/","title":{"rendered":"Elles tamb\u00e9 hi eren. Hi s\u00f3n i hi seran: 8 de mar\u00e7 a Girona"},"content":{"rendered":"<h2>Actes 8 de mar\u00e7 a Girona<\/h2>\n<p><span style=\"font-size: 14pt;\"><a href=\"http:\/\/donesesglesia.cat\/wp_cde\/wp-content\/uploads\/2021\/03\/AGENDA-8-de-marc.pdf\" target=\"_blank\" rel=\"noopener noreferrer\">Programa d&#8217;actes en PDF<\/a><\/span><\/p>\n<p>Sapigueu que aquest any tamb\u00e9 podeu informar-vos i seguir totes les activitats programades\u00a0 a trav\u00e9s de la <strong>p\u00e0gina web<\/strong>: <a href=\"https:\/\/web.girona.cat\/igualtat\/8marc\" target=\"_blank\" rel=\"noopener noreferrer\">https:\/\/web.girona.cat\/igualtat\/8marc<\/a><\/p>\n<p><a href=\"http:\/\/donesesglesia.cat\/wp_cde\/wp-content\/uploads\/2021\/03\/AGENDA-8-de-marc.pdf\" target=\"_blank\" rel=\"noopener noreferrer\"><img loading=\"lazy\" decoding=\"async\" class=\"aligncenter wp-image-6922\" src=\"http:\/\/donesesglesia.cat\/wp_cde\/wp-content\/uploads\/2021\/03\/dia-dones_girona_cartell.jpg\" alt=\"\" width=\"383\" height=\"500\" srcset=\"https:\/\/donesesglesia.cat\/wp_cde\/wp-content\/uploads\/2021\/03\/dia-dones_girona_cartell.jpg 1024w, https:\/\/donesesglesia.cat\/wp_cde\/wp-content\/uploads\/2021\/03\/dia-dones_girona_cartell-230x300.jpg 230w, https:\/\/donesesglesia.cat\/wp_cde\/wp-content\/uploads\/2021\/03\/dia-dones_girona_cartell-785x1024.jpg 785w, https:\/\/donesesglesia.cat\/wp_cde\/wp-content\/uploads\/2021\/03\/dia-dones_girona_cartell-768x1002.jpg 768w\" sizes=\"auto, (max-width: 383px) 100vw, 383px\" \/><\/a><\/p>\n","protected":false},"excerpt":{"rendered":"<p>Actes 8 de mar\u00e7 a Girona Programa d&#8217;actes en PDF Sapigueu que aquest any tamb\u00e9 podeu informar-vos i seguir totes les activitats programades\u00a0 a trav\u00e9s de la p\u00e0gina web: https:\/\/web.girona.cat\/igualtat\/8marc<\/p>\n","protected":false},"author":1,"featured_media":6921,"comment_status":"closed","ping_status":"closed","sticky":false,"template":"","format":"standard","meta":{"footnotes":""},"categories":[13,5],"tags":[],"class_list":["post-6919","post","type-post","status-publish","format-standard","has-post-thumbnail","hentry","category-activitats-recomanades","category-noticies"],"_links":{"self":[{"href":"https:\/\/donesesglesia.cat\/wp_cde\/wp-json\/wp\/v2\/posts\/6919","targetHints":{"allow":["GET"]}}],"collection":[{"href":"https:\/\/donesesglesia.cat\/wp_cde\/wp-json\/wp\/v2\/posts"}],"about":[{"href":"https:\/\/donesesglesia.cat\/wp_cde\/wp-json\/wp\/v2\/types\/post"}],"author":[{"embeddable":true,"href":"https:\/\/donesesglesia.cat\/wp_cde\/wp-json\/wp\/v2\/users\/1"}],"replies":[{"embeddable":true,"href":"https:\/\/donesesglesia.cat\/wp_cde\/wp-json\/wp\/v2\/comments?post=6919"}],"version-history":[{"count":7,"href":"https:\/\/donesesglesia.cat\/wp_cde\/wp-json\/wp\/v2\/posts\/6919\/revisions"}],"predecessor-version":[{"id":6930,"href":"https:\/\/donesesglesia.cat\/wp_cde\/wp-json\/wp\/v2\/posts\/6919\/revisions\/6930"}],"wp:featuredmedia":[{"embeddable":true,"href":"https:\/\/donesesglesia.cat\/wp_cde\/wp-json\/wp\/v2\/media\/6921"}],"wp:attachment":[{"href":"https:\/\/donesesglesia.cat\/wp_cde\/wp-json\/wp\/v2\/media?parent=6919"}],"wp:term":[{"taxonomy":"category","embeddable":true,"href":"https:\/\/donesesglesia.cat\/wp_cde\/wp-json\/wp\/v2\/categories?post=6919"},{"taxonomy":"post_tag","embeddable":true,"href":"https:\/\/donesesglesia.cat\/wp_cde\/wp-json\/wp\/v2\/tags?post=6919"}],"curies":[{"name":"wp","href":"https:\/\/api.w.org\/{rel}","templated":true}]}}