{"id":6883,"date":"2021-03-02T16:20:21","date_gmt":"2021-03-02T15:20:21","guid":{"rendered":"http:\/\/donesesglesia.cat\/wp_cde\/?p=6883"},"modified":"2021-03-02T17:26:26","modified_gmt":"2021-03-02T16:26:26","slug":"revuelta-de-mujeres-en-la-iglesia","status":"publish","type":"post","link":"https:\/\/donesesglesia.cat\/wp_cde\/revuelta-de-mujeres-en-la-iglesia\/","title":{"rendered":"Revuelta de mujeres en la Iglesia"},"content":{"rendered":"<h3>El 7 de Marzo realizaremos un acto reivindicativo de memoria y esperanza<\/h3>\n<p>Por causa de la pandemia no podemos hacer convocatoria p\u00fablica, pero lo retransmitiremos en streaming por las redes sociales.\u00a0Os invitamos a seguirlo y participar.<\/p>\n<p>#silasmujerescallamosgritaranlaspiedras #revueltademujeresenlaiglesia #hastaquelaigualdadsehagacostumbre<\/p>\n<h4>Compartimos aqu\u00ed el v\u00eddeo de presentaci\u00f3n que hemos grabado<\/h4>\n<div><iframe loading=\"lazy\" style=\"border: none; overflow: hidden;\" src=\"https:\/\/www.facebook.com\/plugins\/video.php?height=352&amp;href=https%3A%2F%2Fwww.facebook.com%2F105980877640385%2Fvideos%2F453371605811989%2F&amp;show_text=false&amp;width=640\" width=\"640\" height=\"352\" frameborder=\"0\" scrolling=\"no\" allowfullscreen=\"allowfullscreen\"><\/iframe><\/div>\n<div>\u00a0<\/div>\n","protected":false},"excerpt":{"rendered":"<p>El 7 de Marzo realizaremos un acto reivindicativo de memoria y esperanza Por causa de la pandemia no podemos hacer convocatoria p\u00fablica, pero lo retransmitiremos en streaming por las redes [&hellip;]<\/p>\n","protected":false},"author":1,"featured_media":6890,"comment_status":"closed","ping_status":"closed","sticky":false,"template":"","format":"standard","meta":{"footnotes":""},"categories":[13,5],"tags":[],"class_list":["post-6883","post","type-post","status-publish","format-standard","has-post-thumbnail","hentry","category-activitats-recomanades","category-noticies"],"_links":{"self":[{"href":"https:\/\/donesesglesia.cat\/wp_cde\/wp-json\/wp\/v2\/posts\/6883","targetHints":{"allow":["GET"]}}],"collection":[{"href":"https:\/\/donesesglesia.cat\/wp_cde\/wp-json\/wp\/v2\/posts"}],"about":[{"href":"https:\/\/donesesglesia.cat\/wp_cde\/wp-json\/wp\/v2\/types\/post"}],"author":[{"embeddable":true,"href":"https:\/\/donesesglesia.cat\/wp_cde\/wp-json\/wp\/v2\/users\/1"}],"replies":[{"embeddable":true,"href":"https:\/\/donesesglesia.cat\/wp_cde\/wp-json\/wp\/v2\/comments?post=6883"}],"version-history":[{"count":7,"href":"https:\/\/donesesglesia.cat\/wp_cde\/wp-json\/wp\/v2\/posts\/6883\/revisions"}],"predecessor-version":[{"id":6905,"href":"https:\/\/donesesglesia.cat\/wp_cde\/wp-json\/wp\/v2\/posts\/6883\/revisions\/6905"}],"wp:featuredmedia":[{"embeddable":true,"href":"https:\/\/donesesglesia.cat\/wp_cde\/wp-json\/wp\/v2\/media\/6890"}],"wp:attachment":[{"href":"https:\/\/donesesglesia.cat\/wp_cde\/wp-json\/wp\/v2\/media?parent=6883"}],"wp:term":[{"taxonomy":"category","embeddable":true,"href":"https:\/\/donesesglesia.cat\/wp_cde\/wp-json\/wp\/v2\/categories?post=6883"},{"taxonomy":"post_tag","embeddable":true,"href":"https:\/\/donesesglesia.cat\/wp_cde\/wp-json\/wp\/v2\/tags?post=6883"}],"curies":[{"name":"wp","href":"https:\/\/api.w.org\/{rel}","templated":true}]}}