{"id":6690,"date":"2020-10-10T17:00:06","date_gmt":"2020-10-10T15:00:06","guid":{"rendered":"http:\/\/donesesglesia.cat\/wp_cde\/?p=6690"},"modified":"2020-10-18T18:56:37","modified_gmt":"2020-10-18T16:56:37","slug":"taula-rodona-revisitar-la-mistica-medieval-femenina-des-dels-estudis-de-genere","status":"publish","type":"post","link":"https:\/\/donesesglesia.cat\/wp_cde\/taula-rodona-revisitar-la-mistica-medieval-femenina-des-dels-estudis-de-genere\/","title":{"rendered":"Taula rodona: Revisitar la m\u00edstica medieval femenina des dels estudis de g\u00e8nere"},"content":{"rendered":"<h3>Reial Monestir de Pedralbes<br \/>\n<em>Biennal del Pensament 2020<\/em><\/h3>\n<h3 class=\"date-data-2 next-date\">Divendres 16 octubre,\u00a0de 17.30h a 19h<br \/>\nGratu\u00eft<\/h3>\n<p><a href=\"https:\/\/monestirpedralbes.barcelona\/ca\/activitats\/confer\u00e8ncies\/taula-rodona-revisitar-m%C3%ADstica-medieval-femenina-des-dels-estudis-de-g\u00e8nere\" target=\"_blank\" rel=\"noopener noreferrer\"><img loading=\"lazy\" decoding=\"async\" class=\"aligncenter wp-image-6694\" src=\"http:\/\/donesesglesia.cat\/wp_cde\/wp-content\/uploads\/2020\/10\/taula-rodona_revisitar-mistica_p.jpg\" alt=\"\" width=\"741\" height=\"556\" srcset=\"https:\/\/donesesglesia.cat\/wp_cde\/wp-content\/uploads\/2020\/10\/taula-rodona_revisitar-mistica_p.jpg 960w, https:\/\/donesesglesia.cat\/wp_cde\/wp-content\/uploads\/2020\/10\/taula-rodona_revisitar-mistica_p-300x225.jpg 300w, https:\/\/donesesglesia.cat\/wp_cde\/wp-content\/uploads\/2020\/10\/taula-rodona_revisitar-mistica_p-768x576.jpg 768w\" sizes=\"auto, (max-width: 741px) 100vw, 741px\" \/><\/a><\/p>\n<p>Tot i que la tradici\u00f3 m\u00edstica, en el marc del cristianisme, es remunta a l\u2019Antiguitat, entre el segle XIII i el XVI, l\u2019Europa occidental \u00e9s l\u2019escenari d\u2019un floriment sense comparaci\u00f3 d\u2019una s\u00e8rie d\u2019escrits que relaten la set de D\u00e9u, el cam\u00ed cap a D\u00e9u i l\u2019experi\u00e8ncia de la trobada amb D\u00e9u. Es tracta d\u2019uns textos que, per tal de descriure una experi\u00e8ncia tan inaudita i en alguns aspectes tan paradoxal, violenten el llenguatge i recorren a originals met\u00e0fores.<\/p>\n<p>Alguns dels seus autors s\u00f3n homes. Per\u00f2 tamb\u00e9 hi ha dones. Fan alguna cosa realment diferent? Per quines raons? En aquesta taula rodona no parlarem, nom\u00e9s, sobre qui s\u00f3n i qu\u00e8 fan aquestes dones, sin\u00f3 com ha variat la manera com la historiografia les presenta. Partim de la idea que la historiografia no t\u00e9 un m\u00e8tode \u201cneutral\u201d, sin\u00f3 que parla des d\u2019uns pressup\u00f2sits i unes creences amarades del seu esperit del temps. A partir del segle XX, l\u2019estudi d\u2019aquesta cultura -que anomenem anacr\u00f2nicament \u201cm\u00edstica\u201d- s\u2019emancipa de l\u2019\u00e0mbit estrictament eclesi\u00e0stic i passa a estar en mans d\u2019estudiosos de m\u00faltiples disciplines \u2013hist\u00f2ria social, filosofia, teoria del g\u00e8nere-, que s\u2019ho miren amb uns altres ulls i arriben a unes altres conclusions. La intenci\u00f3 d\u2019aquesta taula rodona \u00e9s revisitar algunes tesis cl\u00e0ssiques sobre l\u2019anomenada m\u00edstica femenina des d\u2019aquestes noves mirades. I, retornant-nos la mirada, repensar el nostre temps des de les seves pr\u00e0ctiques i els seus textos.<\/p>\n<p>La taula rodona la coordinar\u00e0 la Dra. <strong>Mar Ros\u00e0s<\/strong>, professora de la Universitat Ramon Llull, doctora en Humanitats (UPF) i especialista en pensament contemporani. Hi participaran:<\/p>\n<p>&#8211; La Dra. <strong>Blanca Gar\u00ed<\/strong>: formada a Par\u00eds i G\u00e8nova, \u00e9s catedr\u00e0tica d\u2019Hist\u00f2ria Medieval a la Universitat de Barcelona i est\u00e0 especialitzada en hist\u00f2ria de l\u2019espiritualitat i la m\u00edstica, especialment femenina. \u00c9s traductora i estudiosa de les obres de Marguerite Porete (Siruela 2005) i Heinrich Seuse (Siruela 2013), i coautora, amb V.Cirlot,\u00a0de <em>La mirada Interior<\/em> (Siruela, 1999, 2008)<\/p>\n<p>&#8211; El Dr. <strong>Sergi Sancho<\/strong>: investigador a l\u2019UCLouvain\u00a0de B\u00e8lgica. La seva recerca se\u00a0centra en la cultura conventual femenina de finals de l\u2019Edat Mitjana. Ha treballat com a investigador a la Universitat d\u2019Aix-Marseille i a l\u2019\u00c9cole des Hautes \u00c9tudes en Sciences Sociales de Par\u00eds. Tamb\u00e9 ha impartit doc\u00e8ncia d&#8217;Antropologia Hist\u00f2rica de l\u2019Edat Mitjana i d\u2019Hist\u00f2ria del G\u00e8nere a la Universitat Paris IV Sorbonne. \u00c9s autor de <em>Las obras de Marguerite d\u2019Oingt, cartuja del siglo XIII <\/em>(Siruela 2018).\u00a0<\/p>\n<p>&#8211; La Dra.<strong> Adelaide Baracco<\/strong>: es dedica a l\u2019estudi de la relaci\u00f3 entre m\u00edstica i teologia en el m\u00f3n medieval i en el contemporani. \u00c9s especialista en l\u2019obra de Juliana de Norwich. Ha publicat <em>M\u00edstica i vida quotidiana. El testimoni d\u2019Egied van Broeckhoven<\/em> (2005 XVI Premi Joan Maragall) i <em>Ca\u00edn, \u00bfd\u00f3nde est\u00e1 tu hermana? Dios y la violencia contra las mujeres<\/em> (EVD, Aletheia 2017)<\/p>\n<p>Data: divendres 16 octubre <br \/>\nHorari: de 17.30h a 19h<br \/>\nPreu: Gratu\u00eft. <br \/>\nEmail: <a href=\"mailto:reservesmonestirpedralbes@bcn.cat\">reservesmonestirpedralbes@bcn.cat<\/a> <br \/>\nTel\u00e8fon: 932563427<br \/>\nAforament: Places Limitades.<\/p>\n<p>Observacions:\u00a0<em>Aquest\u00a0taula rodona s&#8217;emmarca dins el conjunt d&#8217;activitats de la Biennal del Pensament 2020 proposades pel cenobi.<\/em><\/p>\n","protected":false},"excerpt":{"rendered":"<p>Reial Monestir de Pedralbes Biennal del Pensament 2020 Divendres 16 octubre,\u00a0de 17.30h a 19h Gratu\u00eft Tot i que la tradici\u00f3 m\u00edstica, en el marc del cristianisme, es remunta a l\u2019Antiguitat, [&hellip;]<\/p>\n","protected":false},"author":1,"featured_media":6691,"comment_status":"closed","ping_status":"closed","sticky":false,"template":"","format":"standard","meta":{"footnotes":""},"categories":[13,5],"tags":[],"class_list":["post-6690","post","type-post","status-publish","format-standard","has-post-thumbnail","hentry","category-activitats-recomanades","category-noticies"],"_links":{"self":[{"href":"https:\/\/donesesglesia.cat\/wp_cde\/wp-json\/wp\/v2\/posts\/6690","targetHints":{"allow":["GET"]}}],"collection":[{"href":"https:\/\/donesesglesia.cat\/wp_cde\/wp-json\/wp\/v2\/posts"}],"about":[{"href":"https:\/\/donesesglesia.cat\/wp_cde\/wp-json\/wp\/v2\/types\/post"}],"author":[{"embeddable":true,"href":"https:\/\/donesesglesia.cat\/wp_cde\/wp-json\/wp\/v2\/users\/1"}],"replies":[{"embeddable":true,"href":"https:\/\/donesesglesia.cat\/wp_cde\/wp-json\/wp\/v2\/comments?post=6690"}],"version-history":[{"count":4,"href":"https:\/\/donesesglesia.cat\/wp_cde\/wp-json\/wp\/v2\/posts\/6690\/revisions"}],"predecessor-version":[{"id":6714,"href":"https:\/\/donesesglesia.cat\/wp_cde\/wp-json\/wp\/v2\/posts\/6690\/revisions\/6714"}],"wp:featuredmedia":[{"embeddable":true,"href":"https:\/\/donesesglesia.cat\/wp_cde\/wp-json\/wp\/v2\/media\/6691"}],"wp:attachment":[{"href":"https:\/\/donesesglesia.cat\/wp_cde\/wp-json\/wp\/v2\/media?parent=6690"}],"wp:term":[{"taxonomy":"category","embeddable":true,"href":"https:\/\/donesesglesia.cat\/wp_cde\/wp-json\/wp\/v2\/categories?post=6690"},{"taxonomy":"post_tag","embeddable":true,"href":"https:\/\/donesesglesia.cat\/wp_cde\/wp-json\/wp\/v2\/tags?post=6690"}],"curies":[{"name":"wp","href":"https:\/\/api.w.org\/{rel}","templated":true}]}}