{"id":6587,"date":"2020-09-20T21:42:22","date_gmt":"2020-09-20T19:42:22","guid":{"rendered":"http:\/\/donesesglesia.cat\/wp_cde\/?p=6587"},"modified":"2020-09-20T21:42:22","modified_gmt":"2020-09-20T19:42:22","slug":"jornada-de-reflexio-de-lagenda-llatinoamericana-2021","status":"publish","type":"post","link":"https:\/\/donesesglesia.cat\/wp_cde\/jornada-de-reflexio-de-lagenda-llatinoamericana-2021\/","title":{"rendered":"Jornada de reflexi\u00f3 de l&#8217;Agenda Llatinoamericana 2021"},"content":{"rendered":"<h3>El proppassat 19 de setembre, a Girona, es va fer la jornada de reflexi\u00f3 de l&#8217;<a href=\"https:\/\/www.facebook.com\/llatinoamericanaimundial\/\" target=\"_blank\" rel=\"noopener noreferrer\">Agenda Llatinoamericana 2021<\/a>, que enguany tracta sobre l&#8217;emerg\u00e8ncia clim\u00e0tica.<\/h3>\n<p>Hem recordat a un dels fundadors d&#8217;aquesta eina pedag\u00f2gica: Pere Casald\u00e0liga. Estem agra\u00efts per el seu legat i l&#8217;agenda, que ens serveix per a l&#8217;an\u00e0lisi i les propostes d&#8217;acci\u00f3 i que ja compleix 30 anys.<\/p>\n<p>L&#8217;excel\u00b7lent pon\u00e8ncia d&#8217;en Jordi Mateu de Rebel\u00b7li\u00f3 o Extinci\u00f3 Girona (<a href=\"https:\/\/twitter.com\/xrgirona?lang=ca\" target=\"_blank\" rel=\"noopener noreferrer\">@xrgirona<\/a>) va aportar eines per a l&#8217;acci\u00f3 davant de l&#8217;emerg\u00e8ncia-clim\u00e0tic.<\/p>\n<p><a href=\"http:\/\/donesesglesia.cat\/wp_cde\/wp-content\/uploads\/2020\/09\/agenda-llatinoamericana-2021_01.jpg\"><img loading=\"lazy\" decoding=\"async\" class=\"aligncenter  wp-image-6591\" src=\"http:\/\/donesesglesia.cat\/wp_cde\/wp-content\/uploads\/2020\/09\/agenda-llatinoamericana-2021_01.jpg\" alt=\"\" width=\"571\" height=\"443\" srcset=\"https:\/\/donesesglesia.cat\/wp_cde\/wp-content\/uploads\/2020\/09\/agenda-llatinoamericana-2021_01.jpg 1024w, https:\/\/donesesglesia.cat\/wp_cde\/wp-content\/uploads\/2020\/09\/agenda-llatinoamericana-2021_01-300x233.jpg 300w, https:\/\/donesesglesia.cat\/wp_cde\/wp-content\/uploads\/2020\/09\/agenda-llatinoamericana-2021_01-768x596.jpg 768w\" sizes=\"auto, (max-width: 571px) 100vw, 571px\" \/><\/a><\/p>\n<p>El Col\u00b7lectiu forma part de les entitats que preparen l&#8217;<a href=\"https:\/\/llatinoamericana.org\" target=\"_blank\" rel=\"noopener noreferrer\">Agenda<\/a> i la Piua Salvatella ens hi va representar.<\/p>\n<p><a href=\"http:\/\/donesesglesia.cat\/wp_cde\/wp-content\/uploads\/2020\/09\/agenda-llatinoamericana-2021_02.jpg\"><img loading=\"lazy\" decoding=\"async\" class=\"aligncenter wp-image-6592\" src=\"http:\/\/donesesglesia.cat\/wp_cde\/wp-content\/uploads\/2020\/09\/agenda-llatinoamericana-2021_02.jpg\" alt=\"\" width=\"570\" height=\"417\" srcset=\"https:\/\/donesesglesia.cat\/wp_cde\/wp-content\/uploads\/2020\/09\/agenda-llatinoamericana-2021_02.jpg 1024w, https:\/\/donesesglesia.cat\/wp_cde\/wp-content\/uploads\/2020\/09\/agenda-llatinoamericana-2021_02-300x219.jpg 300w, https:\/\/donesesglesia.cat\/wp_cde\/wp-content\/uploads\/2020\/09\/agenda-llatinoamericana-2021_02-768x562.jpg 768w\" sizes=\"auto, (max-width: 570px) 100vw, 570px\" \/><\/a><\/p>\n","protected":false},"excerpt":{"rendered":"<p>El proppassat 19 de setembre, a Girona, es va fer la jornada de reflexi\u00f3 de l&#8217;Agenda Llatinoamericana 2021, que enguany tracta sobre l&#8217;emerg\u00e8ncia clim\u00e0tica. Hem recordat a un dels fundadors [&hellip;]<\/p>\n","protected":false},"author":1,"featured_media":6593,"comment_status":"closed","ping_status":"closed","sticky":false,"template":"","format":"standard","meta":{"footnotes":""},"categories":[13,15,5],"tags":[],"class_list":["post-6587","post","type-post","status-publish","format-standard","has-post-thumbnail","hentry","category-activitats-recomanades","category-agenda","category-noticies"],"_links":{"self":[{"href":"https:\/\/donesesglesia.cat\/wp_cde\/wp-json\/wp\/v2\/posts\/6587","targetHints":{"allow":["GET"]}}],"collection":[{"href":"https:\/\/donesesglesia.cat\/wp_cde\/wp-json\/wp\/v2\/posts"}],"about":[{"href":"https:\/\/donesesglesia.cat\/wp_cde\/wp-json\/wp\/v2\/types\/post"}],"author":[{"embeddable":true,"href":"https:\/\/donesesglesia.cat\/wp_cde\/wp-json\/wp\/v2\/users\/1"}],"replies":[{"embeddable":true,"href":"https:\/\/donesesglesia.cat\/wp_cde\/wp-json\/wp\/v2\/comments?post=6587"}],"version-history":[{"count":2,"href":"https:\/\/donesesglesia.cat\/wp_cde\/wp-json\/wp\/v2\/posts\/6587\/revisions"}],"predecessor-version":[{"id":6594,"href":"https:\/\/donesesglesia.cat\/wp_cde\/wp-json\/wp\/v2\/posts\/6587\/revisions\/6594"}],"wp:featuredmedia":[{"embeddable":true,"href":"https:\/\/donesesglesia.cat\/wp_cde\/wp-json\/wp\/v2\/media\/6593"}],"wp:attachment":[{"href":"https:\/\/donesesglesia.cat\/wp_cde\/wp-json\/wp\/v2\/media?parent=6587"}],"wp:term":[{"taxonomy":"category","embeddable":true,"href":"https:\/\/donesesglesia.cat\/wp_cde\/wp-json\/wp\/v2\/categories?post=6587"},{"taxonomy":"post_tag","embeddable":true,"href":"https:\/\/donesesglesia.cat\/wp_cde\/wp-json\/wp\/v2\/tags?post=6587"}],"curies":[{"name":"wp","href":"https:\/\/api.w.org\/{rel}","templated":true}]}}