{"id":6093,"date":"2020-01-31T11:08:07","date_gmt":"2020-01-31T10:08:07","guid":{"rendered":"http:\/\/donesesglesia.cat\/wp_cde\/?p=6093"},"modified":"2020-01-31T11:09:41","modified_gmt":"2020-01-31T10:09:41","slug":"reflexio-febrer-2020","status":"publish","type":"post","link":"https:\/\/donesesglesia.cat\/wp_cde\/reflexio-febrer-2020\/","title":{"rendered":"Reflexio: Febrer 2020"},"content":{"rendered":"<p><a href=\"http:\/\/donesesglesia.cat\/wp_cde\/wp-content\/uploads\/2020\/01\/febrer_2020.jpg\"><img loading=\"lazy\" decoding=\"async\" class=\"wp-image-6095 alignright\" src=\"http:\/\/donesesglesia.cat\/wp_cde\/wp-content\/uploads\/2020\/01\/febrer_2020.jpg\" alt=\"\" width=\"272\" height=\"272\" srcset=\"https:\/\/donesesglesia.cat\/wp_cde\/wp-content\/uploads\/2020\/01\/febrer_2020.jpg 700w, https:\/\/donesesglesia.cat\/wp_cde\/wp-content\/uploads\/2020\/01\/febrer_2020-300x300.jpg 300w, https:\/\/donesesglesia.cat\/wp_cde\/wp-content\/uploads\/2020\/01\/febrer_2020-150x150.jpg 150w, https:\/\/donesesglesia.cat\/wp_cde\/wp-content\/uploads\/2020\/01\/febrer_2020-37x37.jpg 37w, https:\/\/donesesglesia.cat\/wp_cde\/wp-content\/uploads\/2020\/01\/febrer_2020-128x128.jpg 128w, https:\/\/donesesglesia.cat\/wp_cde\/wp-content\/uploads\/2020\/01\/febrer_2020-184x184.jpg 184w\" sizes=\"auto, (max-width: 272px) 100vw, 272px\" \/><\/a><br \/>\n\u00abEl m\u00e9s petit de tots \u00e9s un nen tant petit com bonic, intel\u00b7ligent<span class=\"Apple-converted-space\">\u00a0 <\/span>i espavilat , aquest bordeg\u00e0s de cabells rinxolats, ulls negres amb mirada serena i penetrant . Porta sempre una senyera a la m\u00e0 dreta, \u00e9s bellugad\u00eds , assenyat i gener\u00f3s, aquest nen \u00e9s un s\u00edmbol de la lluita per la llibertat dels pobles no amb la guerra s\u00ed amb el di\u00e0leg i l\u2019abnegaci\u00f3, \u00e9s el fill de la revoluci\u00f3.\u00bb<\/p>\n<p><b>(Lola Anglada, <em>El m\u00e9s petit de tots<\/em>)<\/b><\/p>\n","protected":false},"excerpt":{"rendered":"<p>\u00abEl m\u00e9s petit de tots \u00e9s un nen tant petit com bonic, intel\u00b7ligent\u00a0 i espavilat , aquest bordeg\u00e0s de cabells rinxolats, ulls negres amb mirada serena i penetrant . Porta [&hellip;]<\/p>\n","protected":false},"author":1,"featured_media":6099,"comment_status":"closed","ping_status":"closed","sticky":false,"template":"","format":"standard","meta":{"footnotes":""},"categories":[14],"tags":[],"class_list":["post-6093","post","type-post","status-publish","format-standard","has-post-thumbnail","hentry","category-levangeli-del-mes"],"_links":{"self":[{"href":"https:\/\/donesesglesia.cat\/wp_cde\/wp-json\/wp\/v2\/posts\/6093","targetHints":{"allow":["GET"]}}],"collection":[{"href":"https:\/\/donesesglesia.cat\/wp_cde\/wp-json\/wp\/v2\/posts"}],"about":[{"href":"https:\/\/donesesglesia.cat\/wp_cde\/wp-json\/wp\/v2\/types\/post"}],"author":[{"embeddable":true,"href":"https:\/\/donesesglesia.cat\/wp_cde\/wp-json\/wp\/v2\/users\/1"}],"replies":[{"embeddable":true,"href":"https:\/\/donesesglesia.cat\/wp_cde\/wp-json\/wp\/v2\/comments?post=6093"}],"version-history":[{"count":3,"href":"https:\/\/donesesglesia.cat\/wp_cde\/wp-json\/wp\/v2\/posts\/6093\/revisions"}],"predecessor-version":[{"id":6098,"href":"https:\/\/donesesglesia.cat\/wp_cde\/wp-json\/wp\/v2\/posts\/6093\/revisions\/6098"}],"wp:featuredmedia":[{"embeddable":true,"href":"https:\/\/donesesglesia.cat\/wp_cde\/wp-json\/wp\/v2\/media\/6099"}],"wp:attachment":[{"href":"https:\/\/donesesglesia.cat\/wp_cde\/wp-json\/wp\/v2\/media?parent=6093"}],"wp:term":[{"taxonomy":"category","embeddable":true,"href":"https:\/\/donesesglesia.cat\/wp_cde\/wp-json\/wp\/v2\/categories?post=6093"},{"taxonomy":"post_tag","embeddable":true,"href":"https:\/\/donesesglesia.cat\/wp_cde\/wp-json\/wp\/v2\/tags?post=6093"}],"curies":[{"name":"wp","href":"https:\/\/api.w.org\/{rel}","templated":true}]}}