{"id":6033,"date":"2020-01-27T20:16:24","date_gmt":"2020-01-27T19:16:24","guid":{"rendered":"http:\/\/donesesglesia.cat\/wp_cde\/?p=6033"},"modified":"2020-01-27T20:16:24","modified_gmt":"2020-01-27T19:16:24","slug":"reflexio-desembre-2019","status":"publish","type":"post","link":"https:\/\/donesesglesia.cat\/wp_cde\/reflexio-desembre-2019\/","title":{"rendered":"Reflexi\u00f3: Desembre 2019"},"content":{"rendered":"<p><a href=\"http:\/\/donesesglesia.cat\/wp_cde\/wp-content\/uploads\/2020\/01\/desembre_2019_g.jpg\"><img loading=\"lazy\" decoding=\"async\" class=\"aligncenter size-full wp-image-6037\" src=\"http:\/\/donesesglesia.cat\/wp_cde\/wp-content\/uploads\/2020\/01\/desembre_2019_g.jpg\" alt=\"\" width=\"2000\" height=\"720\" srcset=\"https:\/\/donesesglesia.cat\/wp_cde\/wp-content\/uploads\/2020\/01\/desembre_2019_g.jpg 2000w, https:\/\/donesesglesia.cat\/wp_cde\/wp-content\/uploads\/2020\/01\/desembre_2019_g-300x108.jpg 300w, https:\/\/donesesglesia.cat\/wp_cde\/wp-content\/uploads\/2020\/01\/desembre_2019_g-1024x369.jpg 1024w, https:\/\/donesesglesia.cat\/wp_cde\/wp-content\/uploads\/2020\/01\/desembre_2019_g-768x276.jpg 768w, https:\/\/donesesglesia.cat\/wp_cde\/wp-content\/uploads\/2020\/01\/desembre_2019_g-1536x553.jpg 1536w\" sizes=\"auto, (max-width: 2000px) 100vw, 2000px\" \/><\/a><\/p>\n<p>\u00ab&#8230;recordem les paraules de Pere Casald\u00e0liga quan ens diu que la soluci\u00f3 \u00e9s sempre l\u2019esperan\u00e7a, una esperan\u00e7a que es posi a fer feina amb els altres.<\/p>\n<p>Volem trobar el sentit del Nadal en l\u2019opci\u00f3 ferma pel treball humanitzador i per la sostenibilitat i respecte a la casa de tots. Que tinguem un Nadal ple de l\u2019aut\u00e8ntica pau, just\u00edcia i solidaritat que ens proposa l\u2019Infant de Betlem\u00bb<\/p>\n<p><b>(10 Minuts de silenci per sentir el Nadal- 2019 \u2013 Girona )<\/b><\/p>\n","protected":false},"excerpt":{"rendered":"<p>\u00ab&#8230;recordem les paraules de Pere Casald\u00e0liga quan ens diu que la soluci\u00f3 \u00e9s sempre l\u2019esperan\u00e7a, una esperan\u00e7a que es posi a fer feina amb els altres. Volem trobar el sentit [&hellip;]<\/p>\n","protected":false},"author":1,"featured_media":6038,"comment_status":"closed","ping_status":"closed","sticky":false,"template":"","format":"standard","meta":{"footnotes":""},"categories":[14],"tags":[],"class_list":["post-6033","post","type-post","status-publish","format-standard","has-post-thumbnail","hentry","category-levangeli-del-mes"],"_links":{"self":[{"href":"https:\/\/donesesglesia.cat\/wp_cde\/wp-json\/wp\/v2\/posts\/6033","targetHints":{"allow":["GET"]}}],"collection":[{"href":"https:\/\/donesesglesia.cat\/wp_cde\/wp-json\/wp\/v2\/posts"}],"about":[{"href":"https:\/\/donesesglesia.cat\/wp_cde\/wp-json\/wp\/v2\/types\/post"}],"author":[{"embeddable":true,"href":"https:\/\/donesesglesia.cat\/wp_cde\/wp-json\/wp\/v2\/users\/1"}],"replies":[{"embeddable":true,"href":"https:\/\/donesesglesia.cat\/wp_cde\/wp-json\/wp\/v2\/comments?post=6033"}],"version-history":[{"count":2,"href":"https:\/\/donesesglesia.cat\/wp_cde\/wp-json\/wp\/v2\/posts\/6033\/revisions"}],"predecessor-version":[{"id":6039,"href":"https:\/\/donesesglesia.cat\/wp_cde\/wp-json\/wp\/v2\/posts\/6033\/revisions\/6039"}],"wp:featuredmedia":[{"embeddable":true,"href":"https:\/\/donesesglesia.cat\/wp_cde\/wp-json\/wp\/v2\/media\/6038"}],"wp:attachment":[{"href":"https:\/\/donesesglesia.cat\/wp_cde\/wp-json\/wp\/v2\/media?parent=6033"}],"wp:term":[{"taxonomy":"category","embeddable":true,"href":"https:\/\/donesesglesia.cat\/wp_cde\/wp-json\/wp\/v2\/categories?post=6033"},{"taxonomy":"post_tag","embeddable":true,"href":"https:\/\/donesesglesia.cat\/wp_cde\/wp-json\/wp\/v2\/tags?post=6033"}],"curies":[{"name":"wp","href":"https:\/\/api.w.org\/{rel}","templated":true}]}}