{"id":5985,"date":"2019-05-27T19:32:50","date_gmt":"2019-05-27T17:32:50","guid":{"rendered":"http:\/\/donesesglesia.cat\/wp_cde\/?p=5985"},"modified":"2019-05-27T19:32:50","modified_gmt":"2019-05-27T17:32:50","slug":"reflexio-juny-2019","status":"publish","type":"post","link":"https:\/\/donesesglesia.cat\/wp_cde\/reflexio-juny-2019\/","title":{"rendered":"Reflexi\u00f3: Juny 2019"},"content":{"rendered":"<blockquote><p><strong>Jn 15, 8-12<br \/>\n<\/strong><a href=\"http:\/\/donesesglesia.cat\/wp_cde\/wp-content\/uploads\/2019\/05\/juny_2019.jpg\"><img loading=\"lazy\" decoding=\"async\" class=\"aligncenter size-full wp-image-5986\" src=\"http:\/\/donesesglesia.cat\/wp_cde\/wp-content\/uploads\/2019\/05\/juny_2019.jpg\" alt=\"\" width=\"640\" height=\"430\" srcset=\"https:\/\/donesesglesia.cat\/wp_cde\/wp-content\/uploads\/2019\/05\/juny_2019.jpg 640w, https:\/\/donesesglesia.cat\/wp_cde\/wp-content\/uploads\/2019\/05\/juny_2019-300x202.jpg 300w, https:\/\/donesesglesia.cat\/wp_cde\/wp-content\/uploads\/2019\/05\/juny_2019-140x94.jpg 140w\" sizes=\"auto, (max-width: 640px) 100vw, 640px\" \/><\/a><a href=\"http:\/\/donesesglesia.cat\/wp_cde\/wp-content\/uploads\/2019\/05\/maig_2019.jpg\"><br \/>\n<\/a><\/p>\n<p>\u00abLa gl\u00f2ria del meu Pare \u00e9s que doneu molt de fruit i sigueu deixebles meus. Tal com el Pare m&#8217;estima, tamb\u00e9 jo us estimo a vosaltres. Manteniu-vos en el meu amor. Si guardeu els meus manaments, us mantindreu en el meu amor, tal com jo guardo els manaments del meu Pare i em mantinc en el seu amor.<\/p>\n<p>Us he dit tot aix\u00f2 perqu\u00e8 la meva joia sigui tamb\u00e9 la vostra, i la vostra joia sigui completa. Aquest \u00e9s el meu manament: que us estimeu els uns als altres tal com jo us he estimat.\u00bb<\/p>\n<\/blockquote>\n","protected":false},"excerpt":{"rendered":"<p>Jn 15, 8-12 \u00abLa gl\u00f2ria del meu Pare \u00e9s que doneu molt de fruit i sigueu deixebles meus. Tal com el Pare m&#8217;estima, tamb\u00e9 jo us estimo a vosaltres. Manteniu-vos [&hellip;]<\/p>\n","protected":false},"author":1,"featured_media":5986,"comment_status":"closed","ping_status":"closed","sticky":false,"template":"","format":"standard","meta":{"footnotes":""},"categories":[14],"tags":[],"class_list":["post-5985","post","type-post","status-publish","format-standard","has-post-thumbnail","hentry","category-levangeli-del-mes"],"_links":{"self":[{"href":"https:\/\/donesesglesia.cat\/wp_cde\/wp-json\/wp\/v2\/posts\/5985","targetHints":{"allow":["GET"]}}],"collection":[{"href":"https:\/\/donesesglesia.cat\/wp_cde\/wp-json\/wp\/v2\/posts"}],"about":[{"href":"https:\/\/donesesglesia.cat\/wp_cde\/wp-json\/wp\/v2\/types\/post"}],"author":[{"embeddable":true,"href":"https:\/\/donesesglesia.cat\/wp_cde\/wp-json\/wp\/v2\/users\/1"}],"replies":[{"embeddable":true,"href":"https:\/\/donesesglesia.cat\/wp_cde\/wp-json\/wp\/v2\/comments?post=5985"}],"version-history":[{"count":1,"href":"https:\/\/donesesglesia.cat\/wp_cde\/wp-json\/wp\/v2\/posts\/5985\/revisions"}],"predecessor-version":[{"id":5987,"href":"https:\/\/donesesglesia.cat\/wp_cde\/wp-json\/wp\/v2\/posts\/5985\/revisions\/5987"}],"wp:featuredmedia":[{"embeddable":true,"href":"https:\/\/donesesglesia.cat\/wp_cde\/wp-json\/wp\/v2\/media\/5986"}],"wp:attachment":[{"href":"https:\/\/donesesglesia.cat\/wp_cde\/wp-json\/wp\/v2\/media?parent=5985"}],"wp:term":[{"taxonomy":"category","embeddable":true,"href":"https:\/\/donesesglesia.cat\/wp_cde\/wp-json\/wp\/v2\/categories?post=5985"},{"taxonomy":"post_tag","embeddable":true,"href":"https:\/\/donesesglesia.cat\/wp_cde\/wp-json\/wp\/v2\/tags?post=5985"}],"curies":[{"name":"wp","href":"https:\/\/api.w.org\/{rel}","templated":true}]}}