{"id":5956,"date":"2019-05-12T16:58:15","date_gmt":"2019-05-12T14:58:15","guid":{"rendered":"http:\/\/donesesglesia.cat\/wp_cde\/?p=5956"},"modified":"2019-05-12T16:59:20","modified_gmt":"2019-05-12T14:59:20","slug":"reflexio-maig-2019","status":"publish","type":"post","link":"https:\/\/donesesglesia.cat\/wp_cde\/reflexio-maig-2019\/","title":{"rendered":"Reflexi\u00f3: Maig 2019"},"content":{"rendered":"<blockquote><p><strong>Jn 15, 26-27<\/strong><\/p>\n<p><strong>Jes\u00fas i Nicodem<\/strong><\/p>\n<p><a href=\"http:\/\/donesesglesia.cat\/wp_cde\/wp-content\/uploads\/2019\/05\/maig_2019.jpg\"><img loading=\"lazy\" decoding=\"async\" class=\"aligncenter size-full wp-image-5957\" src=\"http:\/\/donesesglesia.cat\/wp_cde\/wp-content\/uploads\/2019\/05\/maig_2019.jpg\" alt=\"\" width=\"640\" height=\"426\" srcset=\"https:\/\/donesesglesia.cat\/wp_cde\/wp-content\/uploads\/2019\/05\/maig_2019.jpg 640w, https:\/\/donesesglesia.cat\/wp_cde\/wp-content\/uploads\/2019\/05\/maig_2019-300x200.jpg 300w, https:\/\/donesesglesia.cat\/wp_cde\/wp-content\/uploads\/2019\/05\/maig_2019-140x94.jpg 140w\" sizes=\"auto, (max-width: 640px) 100vw, 640px\" \/><\/a><\/p>\n<p>En aquell temps, Jes\u00fas digu\u00e9 als seus deixebles:<\/p>\n<p>\u201cQuan vindr\u00e0 el Defensor, que jo us enviar\u00e9 quan ser\u00e9 amb el Pare, l\u2019Esperit de la veritat que prov\u00e9 del Pare, donar\u00e0 testimoni de mi. I vosaltres, que sou amb mi des del principi, tamb\u00e9 en donareu testimoni. Us dic aix\u00f2 perqu\u00e8 no tingu\u00e9ssiu un desengany. Us expulsaran de les sinagogues. M\u00e9s encara: ve el moment que els qui us matin es pensaran fer un homenatge a D\u00e9u. Tot aix\u00f2 ho faran perqu\u00e8 no han conegut ni el Pare ni a mi. Us ho dic tot aix\u00f2 perqu\u00e8, quan arribi aquella hora, recordeu que ja us ho havia predit. \u201c<\/p>\n<\/blockquote>\n","protected":false},"excerpt":{"rendered":"<p>Jn 15, 26-27 Jes\u00fas i Nicodem En aquell temps, Jes\u00fas digu\u00e9 als seus deixebles: \u201cQuan vindr\u00e0 el Defensor, que jo us enviar\u00e9 quan ser\u00e9 amb el Pare, l\u2019Esperit de la [&hellip;]<\/p>\n","protected":false},"author":1,"featured_media":5957,"comment_status":"closed","ping_status":"closed","sticky":false,"template":"","format":"standard","meta":{"footnotes":""},"categories":[14],"tags":[],"class_list":["post-5956","post","type-post","status-publish","format-standard","has-post-thumbnail","hentry","category-levangeli-del-mes"],"_links":{"self":[{"href":"https:\/\/donesesglesia.cat\/wp_cde\/wp-json\/wp\/v2\/posts\/5956","targetHints":{"allow":["GET"]}}],"collection":[{"href":"https:\/\/donesesglesia.cat\/wp_cde\/wp-json\/wp\/v2\/posts"}],"about":[{"href":"https:\/\/donesesglesia.cat\/wp_cde\/wp-json\/wp\/v2\/types\/post"}],"author":[{"embeddable":true,"href":"https:\/\/donesesglesia.cat\/wp_cde\/wp-json\/wp\/v2\/users\/1"}],"replies":[{"embeddable":true,"href":"https:\/\/donesesglesia.cat\/wp_cde\/wp-json\/wp\/v2\/comments?post=5956"}],"version-history":[{"count":3,"href":"https:\/\/donesesglesia.cat\/wp_cde\/wp-json\/wp\/v2\/posts\/5956\/revisions"}],"predecessor-version":[{"id":5960,"href":"https:\/\/donesesglesia.cat\/wp_cde\/wp-json\/wp\/v2\/posts\/5956\/revisions\/5960"}],"wp:featuredmedia":[{"embeddable":true,"href":"https:\/\/donesesglesia.cat\/wp_cde\/wp-json\/wp\/v2\/media\/5957"}],"wp:attachment":[{"href":"https:\/\/donesesglesia.cat\/wp_cde\/wp-json\/wp\/v2\/media?parent=5956"}],"wp:term":[{"taxonomy":"category","embeddable":true,"href":"https:\/\/donesesglesia.cat\/wp_cde\/wp-json\/wp\/v2\/categories?post=5956"},{"taxonomy":"post_tag","embeddable":true,"href":"https:\/\/donesesglesia.cat\/wp_cde\/wp-json\/wp\/v2\/tags?post=5956"}],"curies":[{"name":"wp","href":"https:\/\/api.w.org\/{rel}","templated":true}]}}