{"id":5871,"date":"2019-03-05T12:36:20","date_gmt":"2019-03-05T11:36:20","guid":{"rendered":"http:\/\/donesesglesia.cat\/wp_cde\/?p=5871"},"modified":"2019-03-05T12:36:20","modified_gmt":"2019-03-05T11:36:20","slug":"reflexio-marc-2019","status":"publish","type":"post","link":"https:\/\/donesesglesia.cat\/wp_cde\/reflexio-marc-2019\/","title":{"rendered":"Reflexi\u00f3: Mar\u00e7 2019"},"content":{"rendered":"<blockquote><p><strong>Jn 20, 11-18<\/strong><\/p>\n<p><strong><a href=\"http:\/\/donesesglesia.cat\/wp_cde\/wp-content\/uploads\/2019\/03\/marc_2019.jpg\"><img loading=\"lazy\" decoding=\"async\" class=\" wp-image-5875 alignright\" src=\"http:\/\/donesesglesia.cat\/wp_cde\/wp-content\/uploads\/2019\/03\/marc_2019.jpg\" alt=\"\" width=\"260\" height=\"366\" srcset=\"https:\/\/donesesglesia.cat\/wp_cde\/wp-content\/uploads\/2019\/03\/marc_2019.jpg 317w, https:\/\/donesesglesia.cat\/wp_cde\/wp-content\/uploads\/2019\/03\/marc_2019-213x300.jpg 213w\" sizes=\"auto, (max-width: 260px) 100vw, 260px\" \/><\/a>Jes\u00fas s&#8217;apareix a Maria Magdalena<\/strong><\/p>\n<p>Maria es va quedar plorant a fora, a la vora del sepulcre. Mentre plorava, s&#8217;ajup\u00ed per mirar dins el sepulcre i vei\u00e9 dos \u00e0ngels vestits de blanc, asseguts al lloc on havia estat posat el cos de Jes\u00fas, l&#8217;un al cap i l&#8217;altre als peus. Ells li diuen:<\/p>\n<p>&#8211;Dona, per qu\u00e8 plores?<br \/>\nElla els respon:<br \/>\n&#8211;S&#8217;han endut el meu Senyor i no s\u00e9 on l&#8217;han posat.<\/p>\n<p>Aix\u00ed que acab\u00e0 de dir aquestes paraules, es gir\u00e0 enrere i vei\u00e9 Jes\u00fas all\u00e0 dret, per\u00f2 no s&#8217;adonava que fos ell.<\/p>\n<p>Jes\u00fas li diu:<\/p>\n<p>&#8211;Dona, per qu\u00e8 plores? Qui busques?<br \/>\nElla, pensant-se que era l&#8217;hortol\u00e0, li respon:<br \/>\n&#8211;Si te l&#8217;has emportat tu, digues-me on l&#8217;has posat, i jo mateixa me l&#8217;endur\u00e9.<\/p>\n<p>Li diu Jes\u00fas:<br \/>\n&#8211;Maria!<br \/>\nElla es gira i li diu en la llengua dels hebreus: &#8212; Rabuni \u2014que vol dir \u00abmestre\u00bb.<\/p>\n<p>Jes\u00fas li diu:<br \/>\n&#8211;Deixa&#8217;m anar, que encara no he pujat al Pare. V\u00e9s a trobar els meus germans i digues-los: &#8220;Pujo al meu Pare, que \u00e9s el vostre Pare, al meu D\u00e9u, que \u00e9s el vostre D\u00e9u.&#8221; Maria Magdalena an\u00e0 a trobar els deixebles i els anunciava: \u00abHe vist el Senyor.\u00bb<\/p>\n<p>Tamb\u00e9 els va contar el que ell li havia dit.<\/p>\n<\/blockquote>\n","protected":false},"excerpt":{"rendered":"<p>Jn 20, 11-18 Jes\u00fas s&#8217;apareix a Maria Magdalena Maria es va quedar plorant a fora, a la vora del sepulcre. Mentre plorava, s&#8217;ajup\u00ed per mirar dins el sepulcre i vei\u00e9 [&hellip;]<\/p>\n","protected":false},"author":1,"featured_media":5874,"comment_status":"closed","ping_status":"closed","sticky":false,"template":"","format":"standard","meta":{"footnotes":""},"categories":[14],"tags":[],"class_list":["post-5871","post","type-post","status-publish","format-standard","has-post-thumbnail","hentry","category-levangeli-del-mes"],"_links":{"self":[{"href":"https:\/\/donesesglesia.cat\/wp_cde\/wp-json\/wp\/v2\/posts\/5871","targetHints":{"allow":["GET"]}}],"collection":[{"href":"https:\/\/donesesglesia.cat\/wp_cde\/wp-json\/wp\/v2\/posts"}],"about":[{"href":"https:\/\/donesesglesia.cat\/wp_cde\/wp-json\/wp\/v2\/types\/post"}],"author":[{"embeddable":true,"href":"https:\/\/donesesglesia.cat\/wp_cde\/wp-json\/wp\/v2\/users\/1"}],"replies":[{"embeddable":true,"href":"https:\/\/donesesglesia.cat\/wp_cde\/wp-json\/wp\/v2\/comments?post=5871"}],"version-history":[{"count":5,"href":"https:\/\/donesesglesia.cat\/wp_cde\/wp-json\/wp\/v2\/posts\/5871\/revisions"}],"predecessor-version":[{"id":5878,"href":"https:\/\/donesesglesia.cat\/wp_cde\/wp-json\/wp\/v2\/posts\/5871\/revisions\/5878"}],"wp:featuredmedia":[{"embeddable":true,"href":"https:\/\/donesesglesia.cat\/wp_cde\/wp-json\/wp\/v2\/media\/5874"}],"wp:attachment":[{"href":"https:\/\/donesesglesia.cat\/wp_cde\/wp-json\/wp\/v2\/media?parent=5871"}],"wp:term":[{"taxonomy":"category","embeddable":true,"href":"https:\/\/donesesglesia.cat\/wp_cde\/wp-json\/wp\/v2\/categories?post=5871"},{"taxonomy":"post_tag","embeddable":true,"href":"https:\/\/donesesglesia.cat\/wp_cde\/wp-json\/wp\/v2\/tags?post=5871"}],"curies":[{"name":"wp","href":"https:\/\/api.w.org\/{rel}","templated":true}]}}