{"id":5831,"date":"2019-02-02T19:01:31","date_gmt":"2019-02-02T19:01:31","guid":{"rendered":"http:\/\/donesesglesia.cat\/wp_cde\/?p=5831"},"modified":"2019-02-02T19:01:31","modified_gmt":"2019-02-02T19:01:31","slug":"reflexio-febrer-2019","status":"publish","type":"post","link":"https:\/\/donesesglesia.cat\/wp_cde\/reflexio-febrer-2019\/","title":{"rendered":"Reflexi\u00f3: Febrer 2019"},"content":{"rendered":"<blockquote><p><strong>Jn 8, 31-42<\/strong><\/p>\n<p><a href=\"http:\/\/donesesglesia.cat\/wp_cde\/wp-content\/uploads\/2019\/02\/febrer_2019.jpg\"><img loading=\"lazy\" decoding=\"async\" class=\"aligncenter  wp-image-5835\" src=\"http:\/\/donesesglesia.cat\/wp_cde\/wp-content\/uploads\/2019\/02\/febrer_2019.jpg\" alt=\"\" width=\"641\" height=\"281\" srcset=\"https:\/\/donesesglesia.cat\/wp_cde\/wp-content\/uploads\/2019\/02\/febrer_2019.jpg 960w, https:\/\/donesesglesia.cat\/wp_cde\/wp-content\/uploads\/2019\/02\/febrer_2019-300x132.jpg 300w, https:\/\/donesesglesia.cat\/wp_cde\/wp-content\/uploads\/2019\/02\/febrer_2019-768x337.jpg 768w\" sizes=\"auto, (max-width: 641px) 100vw, 641px\" \/><\/a><\/p>\n<p><strong>La veritat us far\u00e0 lliures<\/strong><\/p>\n<p>Jes\u00fas digu\u00e9 als jueus que havien cregut en ell: <br \/>\n-Si us manteniu ferms en la meva paraula, realment sereu deixebles meus: coneixereu la veritat i la veritat us far\u00e0 lliures. <br \/>\nElls li replicaren: <br \/>\n-Nosaltres som descendents d\u2019Abraham, i no hem estat mai esclaus de ning\u00fa. Com pots dir que hem de ser lliures? <br \/>\nJes\u00fas els respongu\u00e9: <br \/>\n-Us ben asseguro que tothom qui peca \u00e9s esclau i l\u2019esclau no es queda a la casa per sempre; \u00e9s el fill qui s\u2019hi queda per sempre. Per aix\u00f2, si el Fill us fa lliures, sereu lliures de deb\u00f2. <br \/>\nJa s\u00e9 que sou descendents d\u2019Abraham, per\u00f2 busqueu de matar-me, perqu\u00e8 la meva paraula no t\u00e9 lloc dins vostre. Jo dic all\u00f2 que he vist estant amb el meu Pare, mentre que vosaltres feu all\u00f2 que sentiu dir al vostre pare. <br \/>\nElls insistiren: <br \/>\n-El nostre Pare \u00e9s Abraham. <br \/>\nJes\u00fas els diu: <br \/>\n-Si f\u00f3ssiu fills d\u2019Abraham, far\u00edeu les seves mateixes obres. Per\u00f2 ara busqueu de matar-me, a mi que us he dit la veritat que he sentit de D\u00e9u. Aix\u00f2 Abraham no ho va fer. Vosaltres nom\u00e9s feu les obres del vostre pare. <br \/>\nLi contesten: <br \/>\n-Nosaltres no som pas bastards, no tenim m\u00e9s pare que D\u00e9u. Jes\u00fas els replica: <br \/>\n-Si D\u00e9u fos el vostre pare, m\u2019estimar\u00edeu a mi, perqu\u00e8 jo he sortit de D\u00e9u i vinc d\u2019ell. No he vingut pas pel meu compte: \u00e9s ell qui m\u2019ha enviat. Per qu\u00e8 no compreneu el llenguatge en qu\u00e8 us parlo?<\/p>\n<\/blockquote>\n","protected":false},"excerpt":{"rendered":"<p>Jn 8, 31-42 La veritat us far\u00e0 lliures Jes\u00fas digu\u00e9 als jueus que havien cregut en ell: -Si us manteniu ferms en la meva paraula, realment sereu deixebles meus: coneixereu [&hellip;]<\/p>\n","protected":false},"author":1,"featured_media":5835,"comment_status":"closed","ping_status":"closed","sticky":false,"template":"","format":"standard","meta":{"footnotes":""},"categories":[14],"tags":[],"class_list":["post-5831","post","type-post","status-publish","format-standard","has-post-thumbnail","hentry","category-levangeli-del-mes"],"_links":{"self":[{"href":"https:\/\/donesesglesia.cat\/wp_cde\/wp-json\/wp\/v2\/posts\/5831","targetHints":{"allow":["GET"]}}],"collection":[{"href":"https:\/\/donesesglesia.cat\/wp_cde\/wp-json\/wp\/v2\/posts"}],"about":[{"href":"https:\/\/donesesglesia.cat\/wp_cde\/wp-json\/wp\/v2\/types\/post"}],"author":[{"embeddable":true,"href":"https:\/\/donesesglesia.cat\/wp_cde\/wp-json\/wp\/v2\/users\/1"}],"replies":[{"embeddable":true,"href":"https:\/\/donesesglesia.cat\/wp_cde\/wp-json\/wp\/v2\/comments?post=5831"}],"version-history":[{"count":3,"href":"https:\/\/donesesglesia.cat\/wp_cde\/wp-json\/wp\/v2\/posts\/5831\/revisions"}],"predecessor-version":[{"id":5837,"href":"https:\/\/donesesglesia.cat\/wp_cde\/wp-json\/wp\/v2\/posts\/5831\/revisions\/5837"}],"wp:featuredmedia":[{"embeddable":true,"href":"https:\/\/donesesglesia.cat\/wp_cde\/wp-json\/wp\/v2\/media\/5835"}],"wp:attachment":[{"href":"https:\/\/donesesglesia.cat\/wp_cde\/wp-json\/wp\/v2\/media?parent=5831"}],"wp:term":[{"taxonomy":"category","embeddable":true,"href":"https:\/\/donesesglesia.cat\/wp_cde\/wp-json\/wp\/v2\/categories?post=5831"},{"taxonomy":"post_tag","embeddable":true,"href":"https:\/\/donesesglesia.cat\/wp_cde\/wp-json\/wp\/v2\/tags?post=5831"}],"curies":[{"name":"wp","href":"https:\/\/api.w.org\/{rel}","templated":true}]}}