{"id":5770,"date":"2019-01-03T15:53:05","date_gmt":"2019-01-03T15:53:05","guid":{"rendered":"http:\/\/donesesglesia.cat\/wp_cde\/?p=5770"},"modified":"2019-02-02T19:15:55","modified_gmt":"2019-02-02T19:15:55","slug":"reflexio-gener-2019","status":"publish","type":"post","link":"https:\/\/donesesglesia.cat\/wp_cde\/reflexio-gener-2019\/","title":{"rendered":"Reflexi\u00f3: Gener 2019"},"content":{"rendered":"<blockquote><p><strong>Mc 3, 22-30<\/strong><\/p>\n<p><img loading=\"lazy\" decoding=\"async\" class=\"size-full wp-image-5771 aligncenter\" src=\"http:\/\/donesesglesia.cat\/wp_cde\/wp-content\/uploads\/2019\/01\/gener_2019.jpg\" alt=\"\" width=\"570\" height=\"416\" srcset=\"https:\/\/donesesglesia.cat\/wp_cde\/wp-content\/uploads\/2019\/01\/gener_2019.jpg 570w, https:\/\/donesesglesia.cat\/wp_cde\/wp-content\/uploads\/2019\/01\/gener_2019-300x219.jpg 300w\" sizes=\"auto, (max-width: 570px) 100vw, 570px\" \/><\/p>\n<p>&nbsp;<\/p>\n<p><strong>Satan\u00e0s no pot pas durar<\/strong><\/p>\n<p>En aquell temps, els mestres de la Llei que havien vingut de Jerusalem deien que estava posse\u00eft de Beel-Zebul, i que treia els dimonis pel poder del rei dels dimonis. Jes\u00fas els crid\u00e0 i els rebatia valent-se de par\u00e0boles. Els deia: \u00abCom pot ser que Satan\u00e0s vulgui treure fora Satan\u00e0s? Si un reialme es divideix en faccions que lluiten les unes contra les altres no pot durar gaire temps. I si dins d&#8217;una fam\u00edlia hi ha divisions, tampoc no pot durar. Igualment si el regne de Satan\u00e0s s&#8217;ha dividit en faccions que lluiten entre elles, ja no se sost\u00e9: no pot durar.<\/p>\n<p>A casa d&#8217;un guerrer valent ning\u00fa no pot penetrar-hi per prendre-li el que t\u00e9 sense encadenar-lo abans; nom\u00e9s aix\u00ed li podr\u00e0 saquejar la casa. Us ho dic amb tota veritat: Per m\u00e9s pecats que un home comet\u00e9s i per m\u00e9s blasf\u00e8mies que profer\u00eds, D\u00e9u est\u00e0 disposat a perdonar-lo; per\u00f2 el qui injuria l&#8217;Esperit Sant, D\u00e9u no el perdonar\u00e0 mai i sempre ser\u00e0 reu del seu pecat\u00bb. Jes\u00fas va fer aquesta afirmaci\u00f3 perqu\u00e8 deien que tenia un esperit maligne.<\/p>\n<\/blockquote>\n","protected":false},"excerpt":{"rendered":"<p>Mc 3, 22-30<br \/>\nSatan\u00e0s no pot pas durar<\/p>\n","protected":false},"author":1,"featured_media":5838,"comment_status":"closed","ping_status":"closed","sticky":false,"template":"","format":"standard","meta":{"footnotes":""},"categories":[14],"tags":[],"class_list":["post-5770","post","type-post","status-publish","format-standard","has-post-thumbnail","hentry","category-levangeli-del-mes"],"_links":{"self":[{"href":"https:\/\/donesesglesia.cat\/wp_cde\/wp-json\/wp\/v2\/posts\/5770","targetHints":{"allow":["GET"]}}],"collection":[{"href":"https:\/\/donesesglesia.cat\/wp_cde\/wp-json\/wp\/v2\/posts"}],"about":[{"href":"https:\/\/donesesglesia.cat\/wp_cde\/wp-json\/wp\/v2\/types\/post"}],"author":[{"embeddable":true,"href":"https:\/\/donesesglesia.cat\/wp_cde\/wp-json\/wp\/v2\/users\/1"}],"replies":[{"embeddable":true,"href":"https:\/\/donesesglesia.cat\/wp_cde\/wp-json\/wp\/v2\/comments?post=5770"}],"version-history":[{"count":8,"href":"https:\/\/donesesglesia.cat\/wp_cde\/wp-json\/wp\/v2\/posts\/5770\/revisions"}],"predecessor-version":[{"id":5796,"href":"https:\/\/donesesglesia.cat\/wp_cde\/wp-json\/wp\/v2\/posts\/5770\/revisions\/5796"}],"wp:featuredmedia":[{"embeddable":true,"href":"https:\/\/donesesglesia.cat\/wp_cde\/wp-json\/wp\/v2\/media\/5838"}],"wp:attachment":[{"href":"https:\/\/donesesglesia.cat\/wp_cde\/wp-json\/wp\/v2\/media?parent=5770"}],"wp:term":[{"taxonomy":"category","embeddable":true,"href":"https:\/\/donesesglesia.cat\/wp_cde\/wp-json\/wp\/v2\/categories?post=5770"},{"taxonomy":"post_tag","embeddable":true,"href":"https:\/\/donesesglesia.cat\/wp_cde\/wp-json\/wp\/v2\/tags?post=5770"}],"curies":[{"name":"wp","href":"https:\/\/api.w.org\/{rel}","templated":true}]}}