{"id":5724,"date":"2018-12-03T17:52:39","date_gmt":"2018-12-03T17:52:39","guid":{"rendered":"http:\/\/donesesglesia.cat\/wp_cde\/?p=5724"},"modified":"2019-02-02T19:16:21","modified_gmt":"2019-02-02T19:16:21","slug":"reflexio-desembre-2018","status":"publish","type":"post","link":"https:\/\/donesesglesia.cat\/wp_cde\/reflexio-desembre-2018\/","title":{"rendered":"Reflexi\u00f3: Desembre 2018"},"content":{"rendered":"<blockquote><p><strong>Jn 1, 1-12<\/strong><\/p>\n<p><a href=\"http:\/\/donesesglesia.cat\/wp_cde\/index.php\/2018\/12\/03\/reflexio-desembre-2018\/reflexio_desembre2018\/\" rel=\"attachment wp-att-5726\"><img loading=\"lazy\" decoding=\"async\" class=\"wp-image-5726 aligncenter\" src=\"http:\/\/donesesglesia.cat\/wp_cde\/wp-content\/uploads\/2018\/12\/reflexio_desembre2018.jpg\" alt=\"\" width=\"500\" height=\"501\" srcset=\"https:\/\/donesesglesia.cat\/wp_cde\/wp-content\/uploads\/2018\/12\/reflexio_desembre2018.jpg 563w, https:\/\/donesesglesia.cat\/wp_cde\/wp-content\/uploads\/2018\/12\/reflexio_desembre2018-150x150.jpg 150w, https:\/\/donesesglesia.cat\/wp_cde\/wp-content\/uploads\/2018\/12\/reflexio_desembre2018-300x300.jpg 300w, https:\/\/donesesglesia.cat\/wp_cde\/wp-content\/uploads\/2018\/12\/reflexio_desembre2018-37x37.jpg 37w, https:\/\/donesesglesia.cat\/wp_cde\/wp-content\/uploads\/2018\/12\/reflexio_desembre2018-128x128.jpg 128w, https:\/\/donesesglesia.cat\/wp_cde\/wp-content\/uploads\/2018\/12\/reflexio_desembre2018-184x184.jpg 184w\" sizes=\"auto, (max-width: 500px) 100vw, 500px\" \/><\/a><\/p>\n<p style=\"text-align: center;\">Al principi existia<br \/>\nel qui \u00e9s la Paraula.<br \/>\nLa Paraula estava amb D\u00e9u<br \/>\ni la Paraula era D\u00e9u.<br \/>\nEll estava amb D\u00e9u al principi.<br \/>\nPer ell tot ha vingut a l&#8217;exist\u00e8ncia,<br \/>\ni res no hi ha vingut sense ell.<br \/>\nEn ell hi havia la vida,<br \/>\ni la vida era la llum dels homes.<br \/>\nLa llum resplendeix en la foscor,<br \/>\ni la foscor no ha pogut ofegar-la.<br \/>\nD\u00e9u envi\u00e0 un home que es deia Joan.<br \/>\nVingu\u00e9 com a testimoni<br \/>\na donar testimoni de la llum,<br \/>\nperqu\u00e8 per ell tothom cregu\u00e9s.<br \/>\nEll no era la llum,<br \/>\nvenia solament a donar-ne testimoni.<br \/>\nExistia el qui \u00e9s la llum veritable,<br \/>\nel qui ve al m\u00f3n<br \/>\ni il\u00b7lumina tots els homes.<br \/>\nEra present en el m\u00f3n,<br \/>\nque per ell ha vingut a l&#8217;exist\u00e8ncia,<br \/>\ni el m\u00f3n no l&#8217;ha reconegut.<br \/>\nHa vingut a casa seva,<br \/>\ni els seus no l&#8217;han acollit.<br \/>\nPer\u00f2 a tots els qui l&#8217;han rebut,<br \/>\nals qui creuen en el seu nom,<br \/>\nels ha concedit de ser fills de D\u00e9u.<\/p>\n<h3 style=\"text-align: center;\">BON NADAL!<\/h3>\n<\/blockquote>\n","protected":false},"excerpt":{"rendered":"<p>Jn 1, 1-12 Al principi existia el qui \u00e9s la Paraula. La Paraula estava amb D\u00e9u i la Paraula era D\u00e9u. Ell estava amb D\u00e9u al principi. Per ell tot [&hellip;]<\/p>\n","protected":false},"author":1,"featured_media":5839,"comment_status":"closed","ping_status":"closed","sticky":false,"template":"","format":"standard","meta":{"footnotes":""},"categories":[14],"tags":[],"class_list":["post-5724","post","type-post","status-publish","format-standard","has-post-thumbnail","hentry","category-levangeli-del-mes"],"_links":{"self":[{"href":"https:\/\/donesesglesia.cat\/wp_cde\/wp-json\/wp\/v2\/posts\/5724","targetHints":{"allow":["GET"]}}],"collection":[{"href":"https:\/\/donesesglesia.cat\/wp_cde\/wp-json\/wp\/v2\/posts"}],"about":[{"href":"https:\/\/donesesglesia.cat\/wp_cde\/wp-json\/wp\/v2\/types\/post"}],"author":[{"embeddable":true,"href":"https:\/\/donesesglesia.cat\/wp_cde\/wp-json\/wp\/v2\/users\/1"}],"replies":[{"embeddable":true,"href":"https:\/\/donesesglesia.cat\/wp_cde\/wp-json\/wp\/v2\/comments?post=5724"}],"version-history":[{"count":7,"href":"https:\/\/donesesglesia.cat\/wp_cde\/wp-json\/wp\/v2\/posts\/5724\/revisions"}],"predecessor-version":[{"id":5732,"href":"https:\/\/donesesglesia.cat\/wp_cde\/wp-json\/wp\/v2\/posts\/5724\/revisions\/5732"}],"wp:featuredmedia":[{"embeddable":true,"href":"https:\/\/donesesglesia.cat\/wp_cde\/wp-json\/wp\/v2\/media\/5839"}],"wp:attachment":[{"href":"https:\/\/donesesglesia.cat\/wp_cde\/wp-json\/wp\/v2\/media?parent=5724"}],"wp:term":[{"taxonomy":"category","embeddable":true,"href":"https:\/\/donesesglesia.cat\/wp_cde\/wp-json\/wp\/v2\/categories?post=5724"},{"taxonomy":"post_tag","embeddable":true,"href":"https:\/\/donesesglesia.cat\/wp_cde\/wp-json\/wp\/v2\/tags?post=5724"}],"curies":[{"name":"wp","href":"https:\/\/api.w.org\/{rel}","templated":true}]}}