{"id":5642,"date":"2018-09-30T19:12:16","date_gmt":"2018-09-30T19:12:16","guid":{"rendered":"http:\/\/donesesglesia.cat\/wp_cde\/?p=5642"},"modified":"2019-02-02T19:17:48","modified_gmt":"2019-02-02T19:17:48","slug":"reflexio-octubre-2018","status":"publish","type":"post","link":"https:\/\/donesesglesia.cat\/wp_cde\/reflexio-octubre-2018\/","title":{"rendered":"Reflexi\u00f3: Octubre 2018"},"content":{"rendered":"<blockquote><p><strong><strong>Jn. 2, 1-12<\/strong><\/strong><\/p>\n<p><a href=\"http:\/\/donesesglesia.cat\/wp_cde\/index.php\/2018\/09\/30\/reflexio-octubre-2018\/reflexio_octubre2018\/\" rel=\"attachment wp-att-5645\"><img loading=\"lazy\" decoding=\"async\" class=\" wp-image-5645 alignright\" src=\"http:\/\/donesesglesia.cat\/wp_cde\/wp-content\/uploads\/2018\/09\/reflexio_octubre2018.jpg\" alt=\"\" width=\"250\" height=\"395\" srcset=\"https:\/\/donesesglesia.cat\/wp_cde\/wp-content\/uploads\/2018\/09\/reflexio_octubre2018.jpg 304w, https:\/\/donesesglesia.cat\/wp_cde\/wp-content\/uploads\/2018\/09\/reflexio_octubre2018-190x300.jpg 190w\" sizes=\"auto, (max-width: 250px) 100vw, 250px\" \/><\/a><\/p>\n<p>El tercer dia es van celebrar unes noces a Can\u00e0 de Galilea. Hi havia la mare de Jes\u00fas. Tamb\u00e9 hi fou convidat Jes\u00fas, juntament amb els seus deixebles.\u00a0Quan el vi s&#8217;acabava, la mare de Jes\u00fas li diu:<\/p>\n<p>&#8211;No tenen vi.<\/p>\n<p>Jes\u00fas li respon:<\/p>\n<p>&#8211;Dona, i jo qu\u00e8 hi tinc a veure? Encara no ha arribat la meva hora.<\/p>\n<p>La seva mare diu als servidors:<\/p>\n<p>&#8211;Feu tot el que ell us digui.<\/p>\n<p>Hi havia all\u00e0 sis piques de pedra destinades a les pr\u00e0ctiques de purificaci\u00f3 usuals entre els jueus. Tenien una cabuda d&#8217;uns cent litres cada una.<\/p>\n<p>Els diu Jes\u00fas:<\/p>\n<p>&#8211;Ompliu d&#8217;aigua aquestes piques.<\/p>\n<p>Ells les ompliren fins dalt. Llavors els digu\u00e9:<\/p>\n<p>&#8211;Ara traieu-ne i porteu-ne al cap de servei.<\/p>\n<p>Ells li&#8217;n portaren. El cap de servei tast\u00e0 aquella aigua convertida en vi. Ell no sabia d&#8217;on venia, per\u00f2 els servidors s\u00ed que ho sabien, perqu\u00e8 ells mateixos l&#8217;havien treta. El cap de servei, doncs, crida el nuvi\u00a0i li diu:<\/p>\n<p>&#8211;Tothom serveix primer els millors vins i, quan els convidats han begut molt, serveix els m\u00e9s ordinaris. Per\u00f2 tu has guardat fins ara el vi millor.<\/p>\n<p>Aix\u00ed va comen\u00e7ar Jes\u00fas els seus senyals prodigiosos a Can\u00e0 de Galilea. Aix\u00ed manifest\u00e0 la seva gl\u00f2ria, i els seus deixebles van creure en ell.\u201d<\/p>\n<\/blockquote>\n","protected":false},"excerpt":{"rendered":"<p>Jn. 2, 1-12 El tercer dia es van celebrar unes noces a Can\u00e0 de Galilea. Hi havia la mare de Jes\u00fas. Tamb\u00e9 hi fou convidat Jes\u00fas, juntament amb els seus [&hellip;]<\/p>\n","protected":false},"author":1,"featured_media":5841,"comment_status":"closed","ping_status":"closed","sticky":false,"template":"","format":"standard","meta":{"footnotes":""},"categories":[14],"tags":[],"class_list":["post-5642","post","type-post","status-publish","format-standard","has-post-thumbnail","hentry","category-levangeli-del-mes"],"_links":{"self":[{"href":"https:\/\/donesesglesia.cat\/wp_cde\/wp-json\/wp\/v2\/posts\/5642","targetHints":{"allow":["GET"]}}],"collection":[{"href":"https:\/\/donesesglesia.cat\/wp_cde\/wp-json\/wp\/v2\/posts"}],"about":[{"href":"https:\/\/donesesglesia.cat\/wp_cde\/wp-json\/wp\/v2\/types\/post"}],"author":[{"embeddable":true,"href":"https:\/\/donesesglesia.cat\/wp_cde\/wp-json\/wp\/v2\/users\/1"}],"replies":[{"embeddable":true,"href":"https:\/\/donesesglesia.cat\/wp_cde\/wp-json\/wp\/v2\/comments?post=5642"}],"version-history":[{"count":5,"href":"https:\/\/donesesglesia.cat\/wp_cde\/wp-json\/wp\/v2\/posts\/5642\/revisions"}],"predecessor-version":[{"id":5648,"href":"https:\/\/donesesglesia.cat\/wp_cde\/wp-json\/wp\/v2\/posts\/5642\/revisions\/5648"}],"wp:featuredmedia":[{"embeddable":true,"href":"https:\/\/donesesglesia.cat\/wp_cde\/wp-json\/wp\/v2\/media\/5841"}],"wp:attachment":[{"href":"https:\/\/donesesglesia.cat\/wp_cde\/wp-json\/wp\/v2\/media?parent=5642"}],"wp:term":[{"taxonomy":"category","embeddable":true,"href":"https:\/\/donesesglesia.cat\/wp_cde\/wp-json\/wp\/v2\/categories?post=5642"},{"taxonomy":"post_tag","embeddable":true,"href":"https:\/\/donesesglesia.cat\/wp_cde\/wp-json\/wp\/v2\/tags?post=5642"}],"curies":[{"name":"wp","href":"https:\/\/api.w.org\/{rel}","templated":true}]}}