{"id":5558,"date":"2018-09-01T16:50:35","date_gmt":"2018-09-01T16:50:35","guid":{"rendered":"http:\/\/donesesglesia.cat\/wp_cde\/?p=5558"},"modified":"2018-09-01T16:50:35","modified_gmt":"2018-09-01T16:50:35","slug":"reflexio-setembre-2018","status":"publish","type":"post","link":"https:\/\/donesesglesia.cat\/wp_cde\/reflexio-setembre-2018\/","title":{"rendered":"Reflexi\u00f3: Setembre 2018"},"content":{"rendered":"<blockquote><p><strong><strong>Mc. 1, 1-13<\/strong><\/strong><\/p>\n<p><a href=\"http:\/\/donesesglesia.cat\/wp_cde\/index.php\/2018\/09\/01\/reflexio-setembre-2018\/reflexio_setembre2018\/\" rel=\"attachment wp-att-5559\"><img loading=\"lazy\" decoding=\"async\" class=\"aligncenter size-full wp-image-5559\" src=\"http:\/\/donesesglesia.cat\/wp_cde\/wp-content\/uploads\/2018\/09\/reflexio_setembre2018.jpg\" alt=\"\" width=\"866\" height=\"573\" srcset=\"https:\/\/donesesglesia.cat\/wp_cde\/wp-content\/uploads\/2018\/09\/reflexio_setembre2018.jpg 866w, https:\/\/donesesglesia.cat\/wp_cde\/wp-content\/uploads\/2018\/09\/reflexio_setembre2018-300x198.jpg 300w, https:\/\/donesesglesia.cat\/wp_cde\/wp-content\/uploads\/2018\/09\/reflexio_setembre2018-768x508.jpg 768w, https:\/\/donesesglesia.cat\/wp_cde\/wp-content\/uploads\/2018\/09\/reflexio_setembre2018-207x136.jpg 207w, https:\/\/donesesglesia.cat\/wp_cde\/wp-content\/uploads\/2018\/09\/reflexio_setembre2018-140x94.jpg 140w\" sizes=\"auto, (max-width: 866px) 100vw, 866px\" \/><\/a><\/p>\n<p>Principi de la bona not\u00edcia referent a Jes\u00fas Messies, Fill de D\u00e9u, com estava escrit en Isa\u00efes, el profeta: \u201cMira, envio el meu missatger davant teu; ellacondicionar\u00e0 el teu cam\u00ed. Una veu que clama: \u201cEn el desert prepareu el cam\u00edper al Senyor, redreceu les senderes del vostre D\u00e9u.\u201d<\/p>\n<p>Es present\u00e0 Joan en el desert, batejant i proclamant un baptisme en senyal de conversi\u00f3, per a perd\u00f3 dels pecats.<\/p>\n<p>Acudia a ell tota la regi\u00f3 de Judea i jerosolimitans tots, i eren batejats en el Jord\u00e0 per ell, a mesura que confessaven els seus pecats. (Anava Joan vestit amb una pell de camell i menjava llagostes i mel silvestre.)<\/p>\n<p>Els anava dient: \u201cJo, per la meva part, us batejo amb aigua; ve, per\u00f2, darrera meu el qui \u00e9s m\u00e9s potent que jo, del qual jo no s\u00f3c qui per a deslligar-li lacorretja de les sand\u00e0lies; ell \u00e9s qui us bateja amb Esperit Sant.\u201d<\/p>\n<p>Succe\u00ed que, pels dies aquells, vingu\u00e9 en Jes\u00fas de Natzaret de Galilea i fou batejat en el Jord\u00e0 per Joan.<\/p>\n<p>Mentre pujava de l\u2019aigua, vei\u00e9 oberts de bat a bat els cels i l\u2019Esperit que com uncolom baixava cap a ell.<\/p>\n<p>Una veu digu\u00e9 des dels cels: \u201cTu ets el meu Fill, l\u2019estimat, en tu m\u2019he complagut.\u201d<\/p>\n<\/blockquote>\n","protected":false},"excerpt":{"rendered":"<p>Mc. 1, 1-13 Principi de la bona not\u00edcia referent a Jes\u00fas Messies, Fill de D\u00e9u, com estava escrit en Isa\u00efes, el profeta: \u201cMira, envio el meu missatger davant teu; ellacondicionar\u00e0 [&hellip;]<\/p>\n","protected":false},"author":1,"featured_media":5559,"comment_status":"closed","ping_status":"closed","sticky":false,"template":"","format":"standard","meta":{"footnotes":""},"categories":[14],"tags":[],"class_list":["post-5558","post","type-post","status-publish","format-standard","has-post-thumbnail","hentry","category-levangeli-del-mes"],"_links":{"self":[{"href":"https:\/\/donesesglesia.cat\/wp_cde\/wp-json\/wp\/v2\/posts\/5558","targetHints":{"allow":["GET"]}}],"collection":[{"href":"https:\/\/donesesglesia.cat\/wp_cde\/wp-json\/wp\/v2\/posts"}],"about":[{"href":"https:\/\/donesesglesia.cat\/wp_cde\/wp-json\/wp\/v2\/types\/post"}],"author":[{"embeddable":true,"href":"https:\/\/donesesglesia.cat\/wp_cde\/wp-json\/wp\/v2\/users\/1"}],"replies":[{"embeddable":true,"href":"https:\/\/donesesglesia.cat\/wp_cde\/wp-json\/wp\/v2\/comments?post=5558"}],"version-history":[{"count":2,"href":"https:\/\/donesesglesia.cat\/wp_cde\/wp-json\/wp\/v2\/posts\/5558\/revisions"}],"predecessor-version":[{"id":5561,"href":"https:\/\/donesesglesia.cat\/wp_cde\/wp-json\/wp\/v2\/posts\/5558\/revisions\/5561"}],"wp:featuredmedia":[{"embeddable":true,"href":"https:\/\/donesesglesia.cat\/wp_cde\/wp-json\/wp\/v2\/media\/5559"}],"wp:attachment":[{"href":"https:\/\/donesesglesia.cat\/wp_cde\/wp-json\/wp\/v2\/media?parent=5558"}],"wp:term":[{"taxonomy":"category","embeddable":true,"href":"https:\/\/donesesglesia.cat\/wp_cde\/wp-json\/wp\/v2\/categories?post=5558"},{"taxonomy":"post_tag","embeddable":true,"href":"https:\/\/donesesglesia.cat\/wp_cde\/wp-json\/wp\/v2\/tags?post=5558"}],"curies":[{"name":"wp","href":"https:\/\/api.w.org\/{rel}","templated":true}]}}